{"id":26947,"date":"2026-03-20T15:00:00","date_gmt":"2026-03-20T15:00:00","guid":{"rendered":"https:\/\/latinpcs.org\/?p=26947"},"modified":"2026-03-20T18:22:58","modified_gmt":"2026-03-20T18:22:58","slug":"author-visit-at-cooper-for-our-5th-graders","status":"publish","type":"post","link":"https:\/\/latinpcs.org\/fr\/2026\/03\/author-visit-at-cooper-for-our-5th-graders\/","title":{"rendered":"Visite d&#039;un auteur \u00e0 Cooper pour nos \u00e9l\u00e8ves de 5e ann\u00e9e !"},"content":{"rendered":"<p  class=\"appear-on-scroll is-style-intro\" >Le mercredi 18 mars, les \u00e9l\u00e8ves de 5e ann\u00e9e de Cooper ont pass\u00e9 un moment inoubliable lors de la visite d&#039;un invit\u00e9 sp\u00e9cial : JA Dauber, l&#039;auteur du roman r\u00e9cemment paru, <em>Appuyez sur 1 pour l&#039;invasion<\/em>.<br><\/p>\n\n<figure  class=\"theme-block appear-on-scroll wp-block-image size-large\" ><div class=\"image\"><img decoding=\"async\" width=\"1024\" height=\"450\" data-src=\"https:\/\/latinpcs.org\/wp-content\/uploads\/2026\/03\/Author-Visit-Mar.18-1024x450.jpeg\" alt=\"\" class=\"wp-image-27002 lazyload\" data-srcset=\"https:\/\/latinpcs.org\/wp-content\/uploads\/2026\/03\/Author-Visit-Mar.18-1024x450.jpeg 1024w, https:\/\/latinpcs.org\/wp-content\/uploads\/2026\/03\/Author-Visit-Mar.18-300x132.jpeg 300w, https:\/\/latinpcs.org\/wp-content\/uploads\/2026\/03\/Author-Visit-Mar.18-768x338.jpeg 768w, https:\/\/latinpcs.org\/wp-content\/uploads\/2026\/03\/Author-Visit-Mar.18-1536x675.jpeg 1536w, https:\/\/latinpcs.org\/wp-content\/uploads\/2026\/03\/Author-Visit-Mar.18-2048x901.jpeg 2048w, https:\/\/latinpcs.org\/wp-content\/uploads\/2026\/03\/Author-Visit-Mar.18-18x8.jpeg 18w\" data-sizes=\"(max-width: 1024px) 100vw, 1024px\" src=\"data:image\/svg+xml;base64,PHN2ZyB3aWR0aD0iMSIgaGVpZ2h0PSIxIiB4bWxucz0iaHR0cDovL3d3dy53My5vcmcvMjAwMC9zdmciPjwvc3ZnPg==\" style=\"--smush-placeholder-width: 1024px; --smush-placeholder-aspect-ratio: 1024\/450;\" \/><\/div><\/figure>\n\n<p class=\"appear-on-scroll\">Ces derni\u00e8res semaines, les \u00e9l\u00e8ves ont d\u00e9couvert le livre lors de leurs cours de Fonctions ex\u00e9cutives et de Lecture 180, et ont eu le plaisir d&#039;en discuter avec l&#039;auteur. M. Dauber a \u00e9galement d\u00e9dicac\u00e9 quelques exemplaires disponibles \u00e0 l&#039;achat.&nbsp;<\/p>\n\n<p class=\"appear-on-scroll\">Il reste encore quelques exemplaires d\u00e9dicac\u00e9s pour les familles int\u00e9ress\u00e9es\u00a0! N&#039;h\u00e9sitez pas \u00e0 commander le v\u00f4tre d\u00e8s maintenant\u00a0! Pour ce faire, cliquez sur le lien ci-dessous. Apr\u00e8s l&#039;achat, Mme Wolfson remettra le livre aux \u00e9l\u00e8ves dont les familles en ont achet\u00e9 un.<\/p>\n\n<div  class=\"appear-on-scroll wp-block-buttons is-layout-flex wp-block-buttons-is-layout-flex\" >\n<div class=\"wp-block-button\"><a class=\"wp-block-button__link wp-element-button\" href=\"https:\/\/www.myschoolbucks.com\/ver2\/prdembd?ref=ZZ7PZB4P70ISVLA_ZZ69O09BD2YPCX3\"><span class=\"label\">Achetez un exemplaire sign\u00e9 !<\/span><\/a><\/div>\n<\/div>\n\n<p class=\"appear-on-scroll\">Vous souhaitez en savoir plus sur le livre\u00a0? Lisez l\u2019annonce compl\u00e8te de Mme Wolfson ici.<\/p>\n\n<div  class=\"appear-on-scroll wp-block-buttons is-layout-flex wp-block-buttons-is-layout-flex\" >\n<div class=\"wp-block-button is-style-text\"><a class=\"wp-block-button__link wp-element-button\" href=\"https:\/\/latinpcs.org\/wp-content\/uploads\/2026\/03\/Press-1-for-invasion-Author-visit-3-18-26.pdf\"><span class=\"label\">Appuyez sur 1 pour l&#039;annonce de l&#039;invasion <\/span><\/a><\/div>\n<\/div>","protected":false},"excerpt":{"rendered":"<p>Le mercredi 18 mars, les \u00e9l\u00e8ves de CM2 de l&#039;\u00e9cole Cooper ont pass\u00e9 un moment inoubliable lors de la visite d&#039;un invit\u00e9 de marque\u00a0: JA Dauber, l&#039;auteur du roman r\u00e9cemment paru, \u00ab\u00a0Appuyez sur 1 pour Invasion\u00a0\u00bb.<\/p>","protected":false},"author":4,"featured_media":26948,"comment_status":"closed","ping_status":"closed","sticky":false,"template":"","format":"standard","meta":{"featured_image_background_position":"","footnotes":""},"categories":[38],"campus":[7],"post-category":[12],"class_list":["post-26947","post","type-post","status-publish","format-standard","has-post-thumbnail","hentry","category-activities-and-events","campus-cooper","post-category-announcement"],"yoast_head":"<!-- This site is optimized with the Yoast SEO plugin v25.6 - https:\/\/yoast.com\/wordpress\/plugins\/seo\/ -->\n<title>Author Visit at Cooper for our 5th Graders! - Washington Latin Public Charter Schools<\/title>\n<meta name=\"robots\" content=\"index, follow, max-snippet:-1, max-image-preview:large, max-video-preview:-1\" \/>\n<link rel=\"canonical\" href=\"https:\/\/latinpcs.org\/fr\/2026\/03\/author-visit-at-cooper-for-our-5th-graders\/\" \/>\n<meta property=\"og:locale\" content=\"fr_FR\" \/>\n<meta property=\"og:type\" content=\"article\" \/>\n<meta property=\"og:title\" content=\"Author Visit at Cooper for our 5th Graders! - Washington Latin Public Charter Schools\" \/>\n<meta property=\"og:description\" content=\"On Wednesday, March 18, Cooper 5th graders had a BLAST during a visit by a special guest speaker: J.A. Dauber, the author of the newly-released novel, Press 1 for Invasion. &hellip;\" \/>\n<meta property=\"og:url\" content=\"https:\/\/latinpcs.org\/fr\/2026\/03\/author-visit-at-cooper-for-our-5th-graders\/\" \/>\n<meta property=\"og:site_name\" content=\"Washington Latin Public Charter Schools\" \/>\n<meta property=\"article:publisher\" content=\"https:\/\/www.facebook.com\/WashingtonLatinPCS\/\" \/>\n<meta property=\"article:published_time\" content=\"2026-03-20T15:00:00+00:00\" \/>\n<meta property=\"article:modified_time\" content=\"2026-03-20T18:22:58+00:00\" \/>\n<meta property=\"og:image\" content=\"https:\/\/latinpcs.org\/wp-content\/uploads\/2026\/03\/image-8.png\" \/>\n\t<meta property=\"og:image:width\" content=\"320\" \/>\n\t<meta property=\"og:image:height\" content=\"497\" \/>\n\t<meta property=\"og:image:type\" content=\"image\/png\" \/>\n<meta name=\"author\" content=\"Anaya Rodgers\" \/>\n<meta name=\"twitter:card\" content=\"summary_large_image\" \/>\n<meta name=\"twitter:label1\" content=\"Written by\" \/>\n\t<meta name=\"twitter:data1\" content=\"Anaya Rodgers\" \/>\n\t<meta name=\"twitter:label2\" content=\"Est. reading time\" \/>\n\t<meta name=\"twitter:data2\" content=\"2 minutes\" \/>\n<script type=\"application\/ld+json\" class=\"yoast-schema-graph\">{\"@context\":\"https:\/\/schema.org\",\"@graph\":[{\"@type\":\"Article\",\"@id\":\"https:\/\/latinpcs.org\/2026\/03\/author-visit-at-cooper-for-our-5th-graders\/#article\",\"isPartOf\":{\"@id\":\"https:\/\/latinpcs.org\/2026\/03\/author-visit-at-cooper-for-our-5th-graders\/\"},\"author\":{\"name\":\"Anaya Rodgers\",\"@id\":\"https:\/\/latinpcs.org\/#\/schema\/person\/4471fa7fd209f283fbd2c0c9fffbb5a5\"},\"headline\":\"Author Visit at Cooper for our 5th Graders!\",\"datePublished\":\"2026-03-20T15:00:00+00:00\",\"dateModified\":\"2026-03-20T18:22:58+00:00\",\"mainEntityOfPage\":{\"@id\":\"https:\/\/latinpcs.org\/2026\/03\/author-visit-at-cooper-for-our-5th-graders\/\"},\"wordCount\":158,\"publisher\":{\"@id\":\"https:\/\/latinpcs.org\/#organization\"},\"image\":{\"@id\":\"https:\/\/latinpcs.org\/2026\/03\/author-visit-at-cooper-for-our-5th-graders\/#primaryimage\"},\"thumbnailUrl\":\"https:\/\/latinpcs.org\/wp-content\/uploads\/2026\/03\/image-8.png\",\"articleSection\":[\"Activities and Events\"],\"inLanguage\":\"fr-FR\"},{\"@type\":\"WebPage\",\"@id\":\"https:\/\/latinpcs.org\/2026\/03\/author-visit-at-cooper-for-our-5th-graders\/\",\"url\":\"https:\/\/latinpcs.org\/2026\/03\/author-visit-at-cooper-for-our-5th-graders\/\",\"name\":\"Author Visit at Cooper for our 5th Graders! - Washington Latin Public Charter Schools\",\"isPartOf\":{\"@id\":\"https:\/\/latinpcs.org\/#website\"},\"primaryImageOfPage\":{\"@id\":\"https:\/\/latinpcs.org\/2026\/03\/author-visit-at-cooper-for-our-5th-graders\/#primaryimage\"},\"image\":{\"@id\":\"https:\/\/latinpcs.org\/2026\/03\/author-visit-at-cooper-for-our-5th-graders\/#primaryimage\"},\"thumbnailUrl\":\"https:\/\/latinpcs.org\/wp-content\/uploads\/2026\/03\/image-8.png\",\"datePublished\":\"2026-03-20T15:00:00+00:00\",\"dateModified\":\"2026-03-20T18:22:58+00:00\",\"breadcrumb\":{\"@id\":\"https:\/\/latinpcs.org\/2026\/03\/author-visit-at-cooper-for-our-5th-graders\/#breadcrumb\"},\"inLanguage\":\"fr-FR\",\"potentialAction\":[{\"@type\":\"ReadAction\",\"target\":[\"https:\/\/latinpcs.org\/2026\/03\/author-visit-at-cooper-for-our-5th-graders\/\"]}]},{\"@type\":\"ImageObject\",\"inLanguage\":\"fr-FR\",\"@id\":\"https:\/\/latinpcs.org\/2026\/03\/author-visit-at-cooper-for-our-5th-graders\/#primaryimage\",\"url\":\"https:\/\/latinpcs.org\/wp-content\/uploads\/2026\/03\/image-8.png\",\"contentUrl\":\"https:\/\/latinpcs.org\/wp-content\/uploads\/2026\/03\/image-8.png\",\"width\":320,\"height\":497},{\"@type\":\"BreadcrumbList\",\"@id\":\"https:\/\/latinpcs.org\/2026\/03\/author-visit-at-cooper-for-our-5th-graders\/#breadcrumb\",\"itemListElement\":[{\"@type\":\"ListItem\",\"position\":1,\"name\":\"Home\",\"item\":\"https:\/\/latinpcs.org\/\"},{\"@type\":\"ListItem\",\"position\":2,\"name\":\"Author Visit at Cooper for our 5th Graders!\"}]},{\"@type\":\"WebSite\",\"@id\":\"https:\/\/latinpcs.org\/#website\",\"url\":\"https:\/\/latinpcs.org\/\",\"name\":\"Washington Latin Public Charter Schools\",\"description\":\"Washington Latin Public Charter Schools, based in Washington, DC, offers a classical education for the modern world for students in grades 5-12 across two campuses.\",\"publisher\":{\"@id\":\"https:\/\/latinpcs.org\/#organization\"},\"potentialAction\":[{\"@type\":\"SearchAction\",\"target\":{\"@type\":\"EntryPoint\",\"urlTemplate\":\"https:\/\/latinpcs.org\/?s={search_term_string}\"},\"query-input\":{\"@type\":\"PropertyValueSpecification\",\"valueRequired\":true,\"valueName\":\"search_term_string\"}}],\"inLanguage\":\"fr-FR\"},{\"@type\":\"Organization\",\"@id\":\"https:\/\/latinpcs.org\/#organization\",\"name\":\"Washington Latin Public Charter Schools\",\"url\":\"https:\/\/latinpcs.org\/\",\"logo\":{\"@type\":\"ImageObject\",\"inLanguage\":\"fr-FR\",\"@id\":\"https:\/\/latinpcs.org\/#\/schema\/logo\/image\/\",\"url\":\"https:\/\/latinpcs.org\/wp-content\/uploads\/2025\/07\/Latin_logo_nknm_4c.svg\",\"contentUrl\":\"https:\/\/latinpcs.org\/wp-content\/uploads\/2025\/07\/Latin_logo_nknm_4c.svg\",\"width\":1,\"height\":1,\"caption\":\"Washington Latin Public Charter Schools\"},\"image\":{\"@id\":\"https:\/\/latinpcs.org\/#\/schema\/logo\/image\/\"},\"sameAs\":[\"https:\/\/www.facebook.com\/WashingtonLatinPCS\/\",\"https:\/\/www.instagram.com\/washingtonlatinpcs\/?hl=en\",\"https:\/\/www.linkedin.com\/school\/washington-latin-public-charter-schools\/\"]},{\"@type\":\"Person\",\"@id\":\"https:\/\/latinpcs.org\/#\/schema\/person\/4471fa7fd209f283fbd2c0c9fffbb5a5\",\"name\":\"Anaya Rodgers\",\"image\":{\"@type\":\"ImageObject\",\"inLanguage\":\"fr-FR\",\"@id\":\"https:\/\/latinpcs.org\/#\/schema\/person\/image\/\",\"url\":\"https:\/\/secure.gravatar.com\/avatar\/f39d71c19ed8e38dbfec588b017007383f137b77040bcc02cac06c6f62fb7fe9?s=96&d=mm&r=g\",\"contentUrl\":\"https:\/\/secure.gravatar.com\/avatar\/f39d71c19ed8e38dbfec588b017007383f137b77040bcc02cac06c6f62fb7fe9?s=96&d=mm&r=g\",\"caption\":\"Anaya Rodgers\"},\"url\":\"https:\/\/latinpcs.org\/fr\/author\/arodgers\/\"}]}<\/script>\n<!-- \/ Yoast SEO plugin. -->","yoast_head_json":{"title":"Rencontre avec un auteur \u00e0 l&#039;\u00e9cole Cooper pour nos \u00e9l\u00e8ves de CM2 ! - Washington Latin Public Charter Schools","robots":{"index":"index","follow":"follow","max-snippet":"max-snippet:-1","max-image-preview":"max-image-preview:large","max-video-preview":"max-video-preview:-1"},"canonical":"https:\/\/latinpcs.org\/fr\/2026\/03\/author-visit-at-cooper-for-our-5th-graders\/","og_locale":"fr_FR","og_type":"article","og_title":"Author Visit at Cooper for our 5th Graders! - Washington Latin Public Charter Schools","og_description":"On Wednesday, March 18, Cooper 5th graders had a BLAST during a visit by a special guest speaker: J.A. Dauber, the author of the newly-released novel, Press 1 for Invasion. &hellip;","og_url":"https:\/\/latinpcs.org\/fr\/2026\/03\/author-visit-at-cooper-for-our-5th-graders\/","og_site_name":"Washington Latin Public Charter Schools","article_publisher":"https:\/\/www.facebook.com\/WashingtonLatinPCS\/","article_published_time":"2026-03-20T15:00:00+00:00","article_modified_time":"2026-03-20T18:22:58+00:00","og_image":[{"width":320,"height":497,"url":"https:\/\/latinpcs.org\/wp-content\/uploads\/2026\/03\/image-8.png","type":"image\/png"}],"author":"Anaya Rodgers","twitter_card":"summary_large_image","twitter_misc":{"Written by":"Anaya Rodgers","Est. reading time":"2 minutes"},"schema":{"@context":"https:\/\/schema.org","@graph":[{"@type":"Article","@id":"https:\/\/latinpcs.org\/2026\/03\/author-visit-at-cooper-for-our-5th-graders\/#article","isPartOf":{"@id":"https:\/\/latinpcs.org\/2026\/03\/author-visit-at-cooper-for-our-5th-graders\/"},"author":{"name":"Anaya Rodgers","@id":"https:\/\/latinpcs.org\/#\/schema\/person\/4471fa7fd209f283fbd2c0c9fffbb5a5"},"headline":"Author Visit at Cooper for our 5th Graders!","datePublished":"2026-03-20T15:00:00+00:00","dateModified":"2026-03-20T18:22:58+00:00","mainEntityOfPage":{"@id":"https:\/\/latinpcs.org\/2026\/03\/author-visit-at-cooper-for-our-5th-graders\/"},"wordCount":158,"publisher":{"@id":"https:\/\/latinpcs.org\/#organization"},"image":{"@id":"https:\/\/latinpcs.org\/2026\/03\/author-visit-at-cooper-for-our-5th-graders\/#primaryimage"},"thumbnailUrl":"https:\/\/latinpcs.org\/wp-content\/uploads\/2026\/03\/image-8.png","articleSection":["Activities and Events"],"inLanguage":"fr-FR"},{"@type":"WebPage","@id":"https:\/\/latinpcs.org\/2026\/03\/author-visit-at-cooper-for-our-5th-graders\/","url":"https:\/\/latinpcs.org\/2026\/03\/author-visit-at-cooper-for-our-5th-graders\/","name":"Rencontre avec un auteur \u00e0 l&#039;\u00e9cole Cooper pour nos \u00e9l\u00e8ves de CM2 ! - Washington Latin Public Charter Schools","isPartOf":{"@id":"https:\/\/latinpcs.org\/#website"},"primaryImageOfPage":{"@id":"https:\/\/latinpcs.org\/2026\/03\/author-visit-at-cooper-for-our-5th-graders\/#primaryimage"},"image":{"@id":"https:\/\/latinpcs.org\/2026\/03\/author-visit-at-cooper-for-our-5th-graders\/#primaryimage"},"thumbnailUrl":"https:\/\/latinpcs.org\/wp-content\/uploads\/2026\/03\/image-8.png","datePublished":"2026-03-20T15:00:00+00:00","dateModified":"2026-03-20T18:22:58+00:00","breadcrumb":{"@id":"https:\/\/latinpcs.org\/2026\/03\/author-visit-at-cooper-for-our-5th-graders\/#breadcrumb"},"inLanguage":"fr-FR","potentialAction":[{"@type":"ReadAction","target":["https:\/\/latinpcs.org\/2026\/03\/author-visit-at-cooper-for-our-5th-graders\/"]}]},{"@type":"ImageObject","inLanguage":"fr-FR","@id":"https:\/\/latinpcs.org\/2026\/03\/author-visit-at-cooper-for-our-5th-graders\/#primaryimage","url":"https:\/\/latinpcs.org\/wp-content\/uploads\/2026\/03\/image-8.png","contentUrl":"https:\/\/latinpcs.org\/wp-content\/uploads\/2026\/03\/image-8.png","width":320,"height":497},{"@type":"BreadcrumbList","@id":"https:\/\/latinpcs.org\/2026\/03\/author-visit-at-cooper-for-our-5th-graders\/#breadcrumb","itemListElement":[{"@type":"ListItem","position":1,"name":"Home","item":"https:\/\/latinpcs.org\/"},{"@type":"ListItem","position":2,"name":"Author Visit at Cooper for our 5th Graders!"}]},{"@type":"WebSite","@id":"https:\/\/latinpcs.org\/#website","url":"https:\/\/latinpcs.org\/","name":"\u00c9coles publiques \u00e0 charte latine de Washington","description":"Washington Latin Public Charter Schools, bas\u00e9 \u00e0 Washington, DC, propose une \u00e9ducation classique pour le monde moderne aux \u00e9l\u00e8ves de la 5e \u00e0 la 12e ann\u00e9e sur deux campus.","publisher":{"@id":"https:\/\/latinpcs.org\/#organization"},"potentialAction":[{"@type":"SearchAction","target":{"@type":"EntryPoint","urlTemplate":"https:\/\/latinpcs.org\/?s={search_term_string}"},"query-input":{"@type":"PropertyValueSpecification","valueRequired":true,"valueName":"search_term_string"}}],"inLanguage":"fr-FR"},{"@type":"Organization","@id":"https:\/\/latinpcs.org\/#organization","name":"\u00c9coles publiques \u00e0 charte latine de Washington","url":"https:\/\/latinpcs.org\/","logo":{"@type":"ImageObject","inLanguage":"fr-FR","@id":"https:\/\/latinpcs.org\/#\/schema\/logo\/image\/","url":"https:\/\/latinpcs.org\/wp-content\/uploads\/2025\/07\/Latin_logo_nknm_4c.svg","contentUrl":"https:\/\/latinpcs.org\/wp-content\/uploads\/2025\/07\/Latin_logo_nknm_4c.svg","width":1,"height":1,"caption":"Washington Latin Public Charter Schools"},"image":{"@id":"https:\/\/latinpcs.org\/#\/schema\/logo\/image\/"},"sameAs":["https:\/\/www.facebook.com\/WashingtonLatinPCS\/","https:\/\/www.instagram.com\/washingtonlatinpcs\/?hl=en","https:\/\/www.linkedin.com\/school\/washington-latin-public-charter-schools\/"]},{"@type":"Person","@id":"https:\/\/latinpcs.org\/#\/schema\/person\/4471fa7fd209f283fbd2c0c9fffbb5a5","name":"Anaya Rodgers","image":{"@type":"ImageObject","inLanguage":"fr-FR","@id":"https:\/\/latinpcs.org\/#\/schema\/person\/image\/","url":"https:\/\/secure.gravatar.com\/avatar\/f39d71c19ed8e38dbfec588b017007383f137b77040bcc02cac06c6f62fb7fe9?s=96&d=mm&r=g","contentUrl":"https:\/\/secure.gravatar.com\/avatar\/f39d71c19ed8e38dbfec588b017007383f137b77040bcc02cac06c6f62fb7fe9?s=96&d=mm&r=g","caption":"Anaya Rodgers"},"url":"https:\/\/latinpcs.org\/fr\/author\/arodgers\/"}]}},"rendered-html":"<div class=\"default appear-on-scroll post-26947 post type-post status-publish format-standard has-post-thumbnail hentry category-activities-and-events campus-cooper post-category-announcement\" style=\"\">\n    \n\n        <a href=\"https:\/\/latinpcs.org\/fr\/2026\/03\/author-visit-at-cooper-for-our-5th-graders\/\" class=\"thumbnail\" aria-labelledby=\"p26947-title\" style=\"\"><img width=\"320\" height=\"497\" src=\"https:\/\/latinpcs.org\/wp-content\/uploads\/2026\/03\/image-8.png\" class=\"attachment-post-thumb size-post-thumb wp-post-image\" alt=\"\" decoding=\"async\" srcset=\"https:\/\/latinpcs.org\/wp-content\/uploads\/2026\/03\/image-8.png 320w, https:\/\/latinpcs.org\/wp-content\/uploads\/2026\/03\/image-8-193x300.png 193w, https:\/\/latinpcs.org\/wp-content\/uploads\/2026\/03\/image-8-8x12.png 8w\" sizes=\"(max-width: 320px) 100vw, 320px\" \/><\/a><h3 class=\"title heading h4\"><a href=\"https:\/\/latinpcs.org\/fr\/2026\/03\/author-visit-at-cooper-for-our-5th-graders\/\">Author Visit at Cooper for our 5th Graders!<\/a><\/h3><div class=\"content\"><p>On Wednesday, March 18, Cooper 5th graders had a BLAST during a visit by a special guest speaker: J.A. Dauber, the author of the newly-released novel, Press 1 for Invasion. &hellip;<\/p>\n<\/div>\n    \n<\/div>","_links":{"self":[{"href":"https:\/\/latinpcs.org\/fr\/wp-json\/wp\/v2\/posts\/26947","targetHints":{"allow":["GET"]}}],"collection":[{"href":"https:\/\/latinpcs.org\/fr\/wp-json\/wp\/v2\/posts"}],"about":[{"href":"https:\/\/latinpcs.org\/fr\/wp-json\/wp\/v2\/types\/post"}],"author":[{"embeddable":true,"href":"https:\/\/latinpcs.org\/fr\/wp-json\/wp\/v2\/users\/4"}],"replies":[{"embeddable":true,"href":"https:\/\/latinpcs.org\/fr\/wp-json\/wp\/v2\/comments?post=26947"}],"version-history":[{"count":0,"href":"https:\/\/latinpcs.org\/fr\/wp-json\/wp\/v2\/posts\/26947\/revisions"}],"wp:featuredmedia":[{"embeddable":true,"href":"https:\/\/latinpcs.org\/fr\/wp-json\/wp\/v2\/media\/26948"}],"wp:attachment":[{"href":"https:\/\/latinpcs.org\/fr\/wp-json\/wp\/v2\/media?parent=26947"}],"wp:term":[{"taxonomy":"category","embeddable":true,"href":"https:\/\/latinpcs.org\/fr\/wp-json\/wp\/v2\/categories?post=26947"},{"taxonomy":"campus","embeddable":true,"href":"https:\/\/latinpcs.org\/fr\/wp-json\/wp\/v2\/campus?post=26947"},{"taxonomy":"post-category","embeddable":true,"href":"https:\/\/latinpcs.org\/fr\/wp-json\/wp\/v2\/post-category?post=26947"}],"curies":[{"name":"wp","href":"https:\/\/api.w.org\/{rel}","templated":true}]}}