{"id":26143,"date":"2025-11-07T20:08:41","date_gmt":"2025-11-07T20:08:41","guid":{"rendered":"https:\/\/latinpcs.org\/?p=26143"},"modified":"2025-11-10T16:42:43","modified_gmt":"2025-11-10T16:42:43","slug":"cooper-ribbon-cutting-ceremony","status":"publish","type":"post","link":"https:\/\/latinpcs.org\/fr\/2025\/11\/cooper-ribbon-cutting-ceremony\/","title":{"rendered":"C\u00e9r\u00e9monie d&#039;inauguration de Cooper"},"content":{"rendered":"<p  class=\"appear-on-scroll is-style-intro\" >Le campus Cooper a officiellement coup\u00e9 le ruban de ses nouvelles installations dans le nord-est de Washington D.C. le 31 octobre 2025, dans le hall baign\u00e9 de soleil de son nouveau b\u00e2timent du coll\u00e8ge !<\/p>\n\n<p class=\"appear-on-scroll\">Le dernier jour d&#039;octobre 2025, Washington Latin a inaugur\u00e9 son nouveau b\u00e2timent dans le nord-est de Washington D.C. en coupant le ruban. Cette journ\u00e9e a marqu\u00e9 l&#039;aboutissement du plus grand d\u00e9fi relev\u00e9 jusqu&#039;alors par notre organisation\u00a0: l&#039;ouverture d&#039;un deuxi\u00e8me campus pour accueillir 740 \u00e9l\u00e8ves suppl\u00e9mentaires, de la 5e \u00e0 la terminale. Le campus Anna Julia Cooper, qui accueille actuellement les \u00e9l\u00e8ves de la 5e \u00e0 la 3e, sera complet pour la rentr\u00e9e 2028-2029. <\/p>\n\n<figure  class=\"appear-on-scroll wp-block-gallery has-nested-images columns-default is-cropped wp-block-gallery-1 is-layout-flex wp-block-gallery-is-layout-flex\" ><figure  class=\"theme-block appear-on-scroll wp-block-image size-large\" ><div class=\"image\"><img decoding=\"async\" width=\"1024\" height=\"1024\" data-id=\"26168\" data-src=\"https:\/\/latinpcs.org\/wp-content\/uploads\/2025\/11\/IMG_1065-1024x1024.jpg\" alt=\"\" class=\"wp-image-26168 lazyload\" data-srcset=\"https:\/\/latinpcs.org\/wp-content\/uploads\/2025\/11\/IMG_1065-1024x1024.jpg 1024w, https:\/\/latinpcs.org\/wp-content\/uploads\/2025\/11\/IMG_1065-300x300.jpg 300w, https:\/\/latinpcs.org\/wp-content\/uploads\/2025\/11\/IMG_1065-150x150.jpg 150w, https:\/\/latinpcs.org\/wp-content\/uploads\/2025\/11\/IMG_1065-768x768.jpg 768w, https:\/\/latinpcs.org\/wp-content\/uploads\/2025\/11\/IMG_1065-12x12.jpg 12w, https:\/\/latinpcs.org\/wp-content\/uploads\/2025\/11\/IMG_1065-100x100.jpg 100w, https:\/\/latinpcs.org\/wp-content\/uploads\/2025\/11\/IMG_1065.jpg 1512w\" data-sizes=\"(max-width: 1024px) 100vw, 1024px\" src=\"data:image\/svg+xml;base64,PHN2ZyB3aWR0aD0iMSIgaGVpZ2h0PSIxIiB4bWxucz0iaHR0cDovL3d3dy53My5vcmcvMjAwMC9zdmciPjwvc3ZnPg==\" style=\"--smush-placeholder-width: 1024px; --smush-placeholder-aspect-ratio: 1024\/1024;\" \/><\/div><\/figure>\n\n<figure  class=\"theme-block appear-on-scroll wp-block-image size-full\" ><div class=\"image\"><img decoding=\"async\" width=\"1000\" height=\"1000\" data-id=\"26160\" data-src=\"https:\/\/latinpcs.org\/wp-content\/uploads\/2025\/11\/IMG_3742-sq-sm.jpg\" alt=\"\" class=\"wp-image-26160 lazyload\" data-srcset=\"https:\/\/latinpcs.org\/wp-content\/uploads\/2025\/11\/IMG_3742-sq-sm.jpg 1000w, https:\/\/latinpcs.org\/wp-content\/uploads\/2025\/11\/IMG_3742-sq-sm-300x300.jpg 300w, https:\/\/latinpcs.org\/wp-content\/uploads\/2025\/11\/IMG_3742-sq-sm-150x150.jpg 150w, https:\/\/latinpcs.org\/wp-content\/uploads\/2025\/11\/IMG_3742-sq-sm-768x768.jpg 768w, https:\/\/latinpcs.org\/wp-content\/uploads\/2025\/11\/IMG_3742-sq-sm-12x12.jpg 12w, https:\/\/latinpcs.org\/wp-content\/uploads\/2025\/11\/IMG_3742-sq-sm-100x100.jpg 100w\" data-sizes=\"(max-width: 1000px) 100vw, 1000px\" src=\"data:image\/svg+xml;base64,PHN2ZyB3aWR0aD0iMSIgaGVpZ2h0PSIxIiB4bWxucz0iaHR0cDovL3d3dy53My5vcmcvMjAwMC9zdmciPjwvc3ZnPg==\" style=\"--smush-placeholder-width: 1000px; --smush-placeholder-aspect-ratio: 1000\/1000;\" \/><\/div><\/figure>\n\n<figure  class=\"theme-block appear-on-scroll wp-block-image size-large\" ><div class=\"image\"><img decoding=\"async\" width=\"1024\" height=\"1024\" data-id=\"26169\" data-src=\"https:\/\/latinpcs.org\/wp-content\/uploads\/2025\/11\/IMG_1085-sq-1024x1024.jpg\" alt=\"\" class=\"wp-image-26169 lazyload\" data-srcset=\"https:\/\/latinpcs.org\/wp-content\/uploads\/2025\/11\/IMG_1085-sq-1024x1024.jpg 1024w, https:\/\/latinpcs.org\/wp-content\/uploads\/2025\/11\/IMG_1085-sq-300x300.jpg 300w, https:\/\/latinpcs.org\/wp-content\/uploads\/2025\/11\/IMG_1085-sq-150x150.jpg 150w, https:\/\/latinpcs.org\/wp-content\/uploads\/2025\/11\/IMG_1085-sq-768x768.jpg 768w, https:\/\/latinpcs.org\/wp-content\/uploads\/2025\/11\/IMG_1085-sq-12x12.jpg 12w, https:\/\/latinpcs.org\/wp-content\/uploads\/2025\/11\/IMG_1085-sq-100x100.jpg 100w, https:\/\/latinpcs.org\/wp-content\/uploads\/2025\/11\/IMG_1085-sq.jpg 1512w\" data-sizes=\"(max-width: 1024px) 100vw, 1024px\" src=\"data:image\/svg+xml;base64,PHN2ZyB3aWR0aD0iMSIgaGVpZ2h0PSIxIiB4bWxucz0iaHR0cDovL3d3dy53My5vcmcvMjAwMC9zdmciPjwvc3ZnPg==\" style=\"--smush-placeholder-width: 1024px; --smush-placeholder-aspect-ratio: 1024\/1024;\" \/><\/div><\/figure>\n\n<figure  class=\"theme-block appear-on-scroll wp-block-image size-large\" ><div class=\"image\"><img decoding=\"async\" width=\"1000\" height=\"964\" data-id=\"26170\" data-src=\"https:\/\/latinpcs.org\/wp-content\/uploads\/2025\/11\/IMG_1091-2.jpg\" alt=\"\" class=\"wp-image-26170 lazyload\" data-srcset=\"https:\/\/latinpcs.org\/wp-content\/uploads\/2025\/11\/IMG_1091-2.jpg 1000w, https:\/\/latinpcs.org\/wp-content\/uploads\/2025\/11\/IMG_1091-2-300x289.jpg 300w, https:\/\/latinpcs.org\/wp-content\/uploads\/2025\/11\/IMG_1091-2-768x740.jpg 768w, https:\/\/latinpcs.org\/wp-content\/uploads\/2025\/11\/IMG_1091-2-12x12.jpg 12w\" data-sizes=\"(max-width: 1000px) 100vw, 1000px\" src=\"data:image\/svg+xml;base64,PHN2ZyB3aWR0aD0iMSIgaGVpZ2h0PSIxIiB4bWxucz0iaHR0cDovL3d3dy53My5vcmcvMjAwMC9zdmciPjwvc3ZnPg==\" style=\"--smush-placeholder-width: 1000px; --smush-placeholder-aspect-ratio: 1000\/964;\" \/><\/div><\/figure><\/figure>\n\n<h2  class=\"appear-on-scroll wp-block-heading\" ><span class=\"text\">Un campus repens\u00e9 dans le nord-est<\/span><\/h2>\n\n<p class=\"appear-on-scroll\">Washington Latin Public Charter Schools a ouvert son deuxi\u00e8me campus durant l&#039;\u00e9t\u00e9 2022, accueillant initialement les \u00e9l\u00e8ves de 5e et 6e ann\u00e9e lors de sa premi\u00e8re ann\u00e9e. Le campus a ouvert ses portes dans des locaux temporaires situ\u00e9s dans le quartier d&#039;Edgewood, le temps de poursuivre nos recherches d&#039;un site permanent pouvant accueillir l&#039;ensemble du campus.&nbsp;<\/p>\n\n<p class=\"appear-on-scroll\">En ao\u00fbt 2022, le site d\u00e9finitif a \u00e9t\u00e9 trouv\u00e9\u00a0: 4301 Harewood Road NE, \u00e9galement dans le 5e arrondissement, anciennement l\u2019Acad\u00e9mie de ballet Kirov. Ce terrain a \u00e9t\u00e9 acquis par Washington Latin, puis divis\u00e9 afin d\u2019\u00eatre partag\u00e9 avec Washington Yu Ying PCS (qui a construit un nouveau b\u00e2timent ind\u00e9pendant pour accueillir davantage d\u2019\u00e9l\u00e8ves). Pendant trois ans, Washington Latin a planifi\u00e9 cette transformation en \u00e9troite collaboration avec le cabinet d\u2019architectes STUDIOTWENTYSEVENARCHITECTURE. La construction a \u00e9t\u00e9 confi\u00e9e \u00e0 la m\u00eame \u00e9quipe qui nous avait accompagn\u00e9s avec succ\u00e8s dans la cr\u00e9ation de notre premier campus sur la 2e Rue\u00a0: MCN Build et le chef de projet Tom Porter. <\/p>\n\n<p class=\"appear-on-scroll\">Le r\u00e9sultat est un site magnifiquement con\u00e7u, comprenant un nouveau b\u00e2timent abritant principalement le coll\u00e8ge Cooper et une structure historique r\u00e9nov\u00e9e qui accueillera principalement le lyc\u00e9e. Le nouveau b\u00e2timent tire pleinement parti de la vue sur Washington, gr\u00e2ce \u00e0 ses grandes fen\u00eatres et ses deux terrasses sur le toit. \u00c9l\u00e8ves et enseignants appr\u00e9cient la luminosit\u00e9 et l&#039;espace du b\u00e2timent, surtout apr\u00e8s plusieurs ann\u00e9es pass\u00e9es dans des locaux temporaires peu lumineux\u00a0!<\/p>\n\n<p class=\"appear-on-scroll\">Le b\u00e2timent historique, datant du d\u00e9but du XXe si\u00e8cle et construit \u00e0 l&#039;origine comme monast\u00e8re, a \u00e9t\u00e9 r\u00e9nov\u00e9 pour accueillir notre programme de lyc\u00e9e, des bureaux, ainsi que des espaces partag\u00e9s avec le coll\u00e8ge, tels que la biblioth\u00e8que, les installations sportives et les salles de spectacle. Dans la mesure du possible, nous pr\u00e9servons le caract\u00e8re historique du b\u00e2timent tout en assurant sa fonctionnalit\u00e9. Nous avons pu cr\u00e9er des salles de classe de diff\u00e9rentes tailles afin d&#039;offrir une vari\u00e9t\u00e9 d&#039;options pour les cours et les travaux en petits groupes. Le programme d&#039;arts du spectacle de Latin a \u00e9t\u00e9 install\u00e9 dans les espaces de repr\u00e9sentation existants, t\u00e9moignant de notre engagement envers ces \u00e9l\u00e9ments du programme scolaire et de l&#039;exp\u00e9rience des \u00e9l\u00e8ves.<\/p>\n\n<h2  class=\"appear-on-scroll wp-block-heading\" ><span class=\"text\">Soutien crucial des partenaires<\/span><\/h2>\n\n<p class=\"appear-on-scroll\">Notre expansion a \u00e9t\u00e9 rendue possible gr\u00e2ce \u00e0 des partenaires et bailleurs de fonds essentiels, notamment notre conseil d&#039;administration, le DC Public Charter School Board, EdForward DC, le Charter School Growth Fund, OSSE, ainsi que de nombreux autres donateurs et partenaires. Nous leur sommes reconnaissants de leur soutien, tant financier que intellectuel, \u00e0 chaque \u00e9tape de notre d\u00e9veloppement. <\/p>\n\n<h3  class=\"appear-on-scroll wp-block-heading\" ><span class=\"text\">Rejoignez-nous pour soutenir le campus Cooper !<\/span><\/h3>\n\n<p class=\"appear-on-scroll\">Aidez-nous \u00e0 finaliser la phase finale de <strong>Campagne Classique pour tous<\/strong>Investissez dans l&#039;\u00e9ducation \u00e0 Washington et ayez un impact durable. Visitez notre site web. <strong>Classique pour tous <\/strong>Consultez la page de la campagne pour en savoir plus !<\/p>\n\n<div  class=\"appear-on-scroll wp-block-buttons is-layout-flex wp-block-buttons-is-layout-flex\" >\n<div class=\"wp-block-button\"><a class=\"wp-block-button__link wp-element-button\" href=\"https:\/\/latinpcs.org\/fr\/classical-for-all\/\"><span class=\"label\">Campagne Classique pour Tous<\/span><\/a><\/div>\n<\/div>\n\n<figure  class=\"appear-on-scroll wp-block-gallery has-nested-images columns-default is-cropped wp-block-gallery-2 is-layout-flex wp-block-gallery-is-layout-flex\" ><figure  class=\"theme-block appear-on-scroll wp-block-image size-large\" ><div class=\"image\"><img decoding=\"async\" width=\"1000\" height=\"1000\" data-id=\"26161\" data-src=\"https:\/\/latinpcs.org\/wp-content\/uploads\/2025\/11\/Harewood-10-2024-MS-framing.jpg\" alt=\"\" class=\"wp-image-26161 lazyload\" data-srcset=\"https:\/\/latinpcs.org\/wp-content\/uploads\/2025\/11\/Harewood-10-2024-MS-framing.jpg 1000w, https:\/\/latinpcs.org\/wp-content\/uploads\/2025\/11\/Harewood-10-2024-MS-framing-300x300.jpg 300w, https:\/\/latinpcs.org\/wp-content\/uploads\/2025\/11\/Harewood-10-2024-MS-framing-150x150.jpg 150w, https:\/\/latinpcs.org\/wp-content\/uploads\/2025\/11\/Harewood-10-2024-MS-framing-768x768.jpg 768w, https:\/\/latinpcs.org\/wp-content\/uploads\/2025\/11\/Harewood-10-2024-MS-framing-12x12.jpg 12w, https:\/\/latinpcs.org\/wp-content\/uploads\/2025\/11\/Harewood-10-2024-MS-framing-100x100.jpg 100w\" data-sizes=\"(max-width: 1000px) 100vw, 1000px\" src=\"data:image\/svg+xml;base64,PHN2ZyB3aWR0aD0iMSIgaGVpZ2h0PSIxIiB4bWxucz0iaHR0cDovL3d3dy53My5vcmcvMjAwMC9zdmciPjwvc3ZnPg==\" style=\"--smush-placeholder-width: 1000px; --smush-placeholder-aspect-ratio: 1000\/1000;\" \/><\/div><\/figure>\n\n<figure  class=\"theme-block appear-on-scroll wp-block-image size-large\" ><div class=\"image\"><img decoding=\"async\" width=\"1000\" height=\"1000\" data-id=\"26162\" data-src=\"https:\/\/latinpcs.org\/wp-content\/uploads\/2025\/11\/Harewood-10-2024-WYY-and-MS-framing.jpg\" alt=\"\" class=\"wp-image-26162 lazyload\" data-srcset=\"https:\/\/latinpcs.org\/wp-content\/uploads\/2025\/11\/Harewood-10-2024-WYY-and-MS-framing.jpg 1000w, https:\/\/latinpcs.org\/wp-content\/uploads\/2025\/11\/Harewood-10-2024-WYY-and-MS-framing-300x300.jpg 300w, https:\/\/latinpcs.org\/wp-content\/uploads\/2025\/11\/Harewood-10-2024-WYY-and-MS-framing-150x150.jpg 150w, https:\/\/latinpcs.org\/wp-content\/uploads\/2025\/11\/Harewood-10-2024-WYY-and-MS-framing-768x768.jpg 768w, https:\/\/latinpcs.org\/wp-content\/uploads\/2025\/11\/Harewood-10-2024-WYY-and-MS-framing-12x12.jpg 12w, https:\/\/latinpcs.org\/wp-content\/uploads\/2025\/11\/Harewood-10-2024-WYY-and-MS-framing-100x100.jpg 100w\" data-sizes=\"(max-width: 1000px) 100vw, 1000px\" src=\"data:image\/svg+xml;base64,PHN2ZyB3aWR0aD0iMSIgaGVpZ2h0PSIxIiB4bWxucz0iaHR0cDovL3d3dy53My5vcmcvMjAwMC9zdmciPjwvc3ZnPg==\" style=\"--smush-placeholder-width: 1000px; --smush-placeholder-aspect-ratio: 1000\/1000;\" \/><\/div><\/figure><\/figure>","protected":false},"excerpt":{"rendered":"<p>Le campus Cooper a inaugur\u00e9 officiellement ses nouveaux locaux dans le nord-est de Washington D.C. le 31 octobre 2025, dans le hall baign\u00e9 de lumi\u00e8re de son nouveau b\u00e2timent du coll\u00e8ge\u00a0!<\/p>","protected":false},"author":3,"featured_media":26167,"comment_status":"closed","ping_status":"closed","sticky":false,"template":"","format":"standard","meta":{"featured_image_background_position":"","footnotes":""},"categories":[38],"campus":[22],"post-category":[13],"class_list":["post-26143","post","type-post","status-publish","format-standard","has-post-thumbnail","hentry","category-activities-and-events","campus-latin-wide","post-category-latin-news"],"yoast_head":"<!-- This site is optimized with the Yoast SEO plugin v25.6 - https:\/\/yoast.com\/wordpress\/plugins\/seo\/ -->\n<title>Cooper Ribbon-cutting Ceremony - Washington Latin Public Charter Schools<\/title>\n<meta name=\"robots\" content=\"index, follow, max-snippet:-1, max-image-preview:large, max-video-preview:-1\" \/>\n<link rel=\"canonical\" href=\"https:\/\/latinpcs.org\/fr\/2025\/11\/cooper-ribbon-cutting-ceremony\/\" \/>\n<meta property=\"og:locale\" content=\"fr_FR\" \/>\n<meta property=\"og:type\" content=\"article\" \/>\n<meta property=\"og:title\" content=\"Cooper Ribbon-cutting Ceremony - Washington Latin Public Charter Schools\" \/>\n<meta property=\"og:description\" content=\"The Cooper Campus officially cut the ribbon on our new facility in Northeast DC on October 31, 2025 in the sunlit lobby of our new Middle School building! On the &hellip;\" \/>\n<meta property=\"og:url\" content=\"https:\/\/latinpcs.org\/fr\/2025\/11\/cooper-ribbon-cutting-ceremony\/\" \/>\n<meta property=\"og:site_name\" content=\"Washington Latin Public Charter Schools\" \/>\n<meta property=\"article:publisher\" content=\"https:\/\/www.facebook.com\/WashingtonLatinPCS\/\" \/>\n<meta property=\"article:published_time\" content=\"2025-11-07T20:08:41+00:00\" \/>\n<meta property=\"article:modified_time\" content=\"2025-11-10T16:42:43+00:00\" \/>\n<meta property=\"og:image\" content=\"https:\/\/latinpcs.org\/wp-content\/uploads\/2025\/11\/IMG_1062.jpg\" \/>\n\t<meta property=\"og:image:width\" content=\"1000\" \/>\n\t<meta property=\"og:image:height\" content=\"1006\" \/>\n\t<meta property=\"og:image:type\" content=\"image\/jpeg\" \/>\n<meta name=\"author\" content=\"Kate Cromwell\" \/>\n<meta name=\"twitter:card\" content=\"summary_large_image\" \/>\n<meta name=\"twitter:label1\" content=\"Written by\" \/>\n\t<meta name=\"twitter:data1\" content=\"Kate Cromwell\" \/>\n\t<meta name=\"twitter:label2\" content=\"Est. reading time\" \/>\n\t<meta name=\"twitter:data2\" content=\"4 minutes\" \/>\n<script type=\"application\/ld+json\" class=\"yoast-schema-graph\">{\"@context\":\"https:\/\/schema.org\",\"@graph\":[{\"@type\":\"Article\",\"@id\":\"https:\/\/latinpcs.org\/2025\/11\/cooper-ribbon-cutting-ceremony\/#article\",\"isPartOf\":{\"@id\":\"https:\/\/latinpcs.org\/2025\/11\/cooper-ribbon-cutting-ceremony\/\"},\"author\":{\"name\":\"Kate Cromwell\",\"@id\":\"https:\/\/latinpcs.org\/#\/schema\/person\/3aa16d807028c4e5e65784a090c50b7c\"},\"headline\":\"Cooper Ribbon-cutting Ceremony\",\"datePublished\":\"2025-11-07T20:08:41+00:00\",\"dateModified\":\"2025-11-10T16:42:43+00:00\",\"mainEntityOfPage\":{\"@id\":\"https:\/\/latinpcs.org\/2025\/11\/cooper-ribbon-cutting-ceremony\/\"},\"wordCount\":532,\"publisher\":{\"@id\":\"https:\/\/latinpcs.org\/#organization\"},\"image\":{\"@id\":\"https:\/\/latinpcs.org\/2025\/11\/cooper-ribbon-cutting-ceremony\/#primaryimage\"},\"thumbnailUrl\":\"https:\/\/latinpcs.org\/wp-content\/uploads\/2025\/11\/IMG_1062.jpg\",\"articleSection\":[\"Activities and Events\"],\"inLanguage\":\"fr-FR\"},{\"@type\":\"WebPage\",\"@id\":\"https:\/\/latinpcs.org\/2025\/11\/cooper-ribbon-cutting-ceremony\/\",\"url\":\"https:\/\/latinpcs.org\/2025\/11\/cooper-ribbon-cutting-ceremony\/\",\"name\":\"Cooper Ribbon-cutting Ceremony - Washington Latin Public Charter Schools\",\"isPartOf\":{\"@id\":\"https:\/\/latinpcs.org\/#website\"},\"primaryImageOfPage\":{\"@id\":\"https:\/\/latinpcs.org\/2025\/11\/cooper-ribbon-cutting-ceremony\/#primaryimage\"},\"image\":{\"@id\":\"https:\/\/latinpcs.org\/2025\/11\/cooper-ribbon-cutting-ceremony\/#primaryimage\"},\"thumbnailUrl\":\"https:\/\/latinpcs.org\/wp-content\/uploads\/2025\/11\/IMG_1062.jpg\",\"datePublished\":\"2025-11-07T20:08:41+00:00\",\"dateModified\":\"2025-11-10T16:42:43+00:00\",\"breadcrumb\":{\"@id\":\"https:\/\/latinpcs.org\/2025\/11\/cooper-ribbon-cutting-ceremony\/#breadcrumb\"},\"inLanguage\":\"fr-FR\",\"potentialAction\":[{\"@type\":\"ReadAction\",\"target\":[\"https:\/\/latinpcs.org\/2025\/11\/cooper-ribbon-cutting-ceremony\/\"]}]},{\"@type\":\"ImageObject\",\"inLanguage\":\"fr-FR\",\"@id\":\"https:\/\/latinpcs.org\/2025\/11\/cooper-ribbon-cutting-ceremony\/#primaryimage\",\"url\":\"https:\/\/latinpcs.org\/wp-content\/uploads\/2025\/11\/IMG_1062.jpg\",\"contentUrl\":\"https:\/\/latinpcs.org\/wp-content\/uploads\/2025\/11\/IMG_1062.jpg\",\"width\":1000,\"height\":1006},{\"@type\":\"BreadcrumbList\",\"@id\":\"https:\/\/latinpcs.org\/2025\/11\/cooper-ribbon-cutting-ceremony\/#breadcrumb\",\"itemListElement\":[{\"@type\":\"ListItem\",\"position\":1,\"name\":\"Home\",\"item\":\"https:\/\/latinpcs.org\/\"},{\"@type\":\"ListItem\",\"position\":2,\"name\":\"Cooper Ribbon-cutting Ceremony\"}]},{\"@type\":\"WebSite\",\"@id\":\"https:\/\/latinpcs.org\/#website\",\"url\":\"https:\/\/latinpcs.org\/\",\"name\":\"Washington Latin Public Charter Schools\",\"description\":\"Washington Latin Public Charter Schools, based in Washington, DC, offers a classical education for the modern world for students in grades 5-12 across two campuses.\",\"publisher\":{\"@id\":\"https:\/\/latinpcs.org\/#organization\"},\"potentialAction\":[{\"@type\":\"SearchAction\",\"target\":{\"@type\":\"EntryPoint\",\"urlTemplate\":\"https:\/\/latinpcs.org\/?s={search_term_string}\"},\"query-input\":{\"@type\":\"PropertyValueSpecification\",\"valueRequired\":true,\"valueName\":\"search_term_string\"}}],\"inLanguage\":\"fr-FR\"},{\"@type\":\"Organization\",\"@id\":\"https:\/\/latinpcs.org\/#organization\",\"name\":\"Washington Latin Public Charter Schools\",\"url\":\"https:\/\/latinpcs.org\/\",\"logo\":{\"@type\":\"ImageObject\",\"inLanguage\":\"fr-FR\",\"@id\":\"https:\/\/latinpcs.org\/#\/schema\/logo\/image\/\",\"url\":\"https:\/\/latinpcs.org\/wp-content\/uploads\/2025\/07\/Latin_logo_nknm_4c.svg\",\"contentUrl\":\"https:\/\/latinpcs.org\/wp-content\/uploads\/2025\/07\/Latin_logo_nknm_4c.svg\",\"width\":1,\"height\":1,\"caption\":\"Washington Latin Public Charter Schools\"},\"image\":{\"@id\":\"https:\/\/latinpcs.org\/#\/schema\/logo\/image\/\"},\"sameAs\":[\"https:\/\/www.facebook.com\/WashingtonLatinPCS\/\",\"https:\/\/www.instagram.com\/washingtonlatinpcs\/?hl=en\",\"https:\/\/www.linkedin.com\/school\/washington-latin-public-charter-schools\/\"]},{\"@type\":\"Person\",\"@id\":\"https:\/\/latinpcs.org\/#\/schema\/person\/3aa16d807028c4e5e65784a090c50b7c\",\"name\":\"Kate Cromwell\",\"image\":{\"@type\":\"ImageObject\",\"inLanguage\":\"fr-FR\",\"@id\":\"https:\/\/latinpcs.org\/#\/schema\/person\/image\/\",\"url\":\"https:\/\/secure.gravatar.com\/avatar\/32e491910c66b5f2ef78fc417afb92cd9cb1978e08ad68f8f243b46a1a6c2016?s=96&d=mm&r=g\",\"contentUrl\":\"https:\/\/secure.gravatar.com\/avatar\/32e491910c66b5f2ef78fc417afb92cd9cb1978e08ad68f8f243b46a1a6c2016?s=96&d=mm&r=g\",\"caption\":\"Kate Cromwell\"},\"url\":\"https:\/\/latinpcs.org\/fr\/author\/kcromwell\/\"}]}<\/script>\n<!-- \/ Yoast SEO plugin. -->","yoast_head_json":{"title":"C\u00e9r\u00e9monie d&#039;inauguration de Cooper - Washington Latin Public Charter Schools","robots":{"index":"index","follow":"follow","max-snippet":"max-snippet:-1","max-image-preview":"max-image-preview:large","max-video-preview":"max-video-preview:-1"},"canonical":"https:\/\/latinpcs.org\/fr\/2025\/11\/cooper-ribbon-cutting-ceremony\/","og_locale":"fr_FR","og_type":"article","og_title":"Cooper Ribbon-cutting Ceremony - Washington Latin Public Charter Schools","og_description":"The Cooper Campus officially cut the ribbon on our new facility in Northeast DC on October 31, 2025 in the sunlit lobby of our new Middle School building! On the &hellip;","og_url":"https:\/\/latinpcs.org\/fr\/2025\/11\/cooper-ribbon-cutting-ceremony\/","og_site_name":"Washington Latin Public Charter Schools","article_publisher":"https:\/\/www.facebook.com\/WashingtonLatinPCS\/","article_published_time":"2025-11-07T20:08:41+00:00","article_modified_time":"2025-11-10T16:42:43+00:00","og_image":[{"width":1000,"height":1006,"url":"https:\/\/latinpcs.org\/wp-content\/uploads\/2025\/11\/IMG_1062.jpg","type":"image\/jpeg"}],"author":"Kate Cromwell","twitter_card":"summary_large_image","twitter_misc":{"Written by":"Kate Cromwell","Est. reading time":"4 minutes"},"schema":{"@context":"https:\/\/schema.org","@graph":[{"@type":"Article","@id":"https:\/\/latinpcs.org\/2025\/11\/cooper-ribbon-cutting-ceremony\/#article","isPartOf":{"@id":"https:\/\/latinpcs.org\/2025\/11\/cooper-ribbon-cutting-ceremony\/"},"author":{"name":"Kate Cromwell","@id":"https:\/\/latinpcs.org\/#\/schema\/person\/3aa16d807028c4e5e65784a090c50b7c"},"headline":"Cooper Ribbon-cutting Ceremony","datePublished":"2025-11-07T20:08:41+00:00","dateModified":"2025-11-10T16:42:43+00:00","mainEntityOfPage":{"@id":"https:\/\/latinpcs.org\/2025\/11\/cooper-ribbon-cutting-ceremony\/"},"wordCount":532,"publisher":{"@id":"https:\/\/latinpcs.org\/#organization"},"image":{"@id":"https:\/\/latinpcs.org\/2025\/11\/cooper-ribbon-cutting-ceremony\/#primaryimage"},"thumbnailUrl":"https:\/\/latinpcs.org\/wp-content\/uploads\/2025\/11\/IMG_1062.jpg","articleSection":["Activities and Events"],"inLanguage":"fr-FR"},{"@type":"WebPage","@id":"https:\/\/latinpcs.org\/2025\/11\/cooper-ribbon-cutting-ceremony\/","url":"https:\/\/latinpcs.org\/2025\/11\/cooper-ribbon-cutting-ceremony\/","name":"C\u00e9r\u00e9monie d&#039;inauguration de Cooper - Washington Latin Public Charter Schools","isPartOf":{"@id":"https:\/\/latinpcs.org\/#website"},"primaryImageOfPage":{"@id":"https:\/\/latinpcs.org\/2025\/11\/cooper-ribbon-cutting-ceremony\/#primaryimage"},"image":{"@id":"https:\/\/latinpcs.org\/2025\/11\/cooper-ribbon-cutting-ceremony\/#primaryimage"},"thumbnailUrl":"https:\/\/latinpcs.org\/wp-content\/uploads\/2025\/11\/IMG_1062.jpg","datePublished":"2025-11-07T20:08:41+00:00","dateModified":"2025-11-10T16:42:43+00:00","breadcrumb":{"@id":"https:\/\/latinpcs.org\/2025\/11\/cooper-ribbon-cutting-ceremony\/#breadcrumb"},"inLanguage":"fr-FR","potentialAction":[{"@type":"ReadAction","target":["https:\/\/latinpcs.org\/2025\/11\/cooper-ribbon-cutting-ceremony\/"]}]},{"@type":"ImageObject","inLanguage":"fr-FR","@id":"https:\/\/latinpcs.org\/2025\/11\/cooper-ribbon-cutting-ceremony\/#primaryimage","url":"https:\/\/latinpcs.org\/wp-content\/uploads\/2025\/11\/IMG_1062.jpg","contentUrl":"https:\/\/latinpcs.org\/wp-content\/uploads\/2025\/11\/IMG_1062.jpg","width":1000,"height":1006},{"@type":"BreadcrumbList","@id":"https:\/\/latinpcs.org\/2025\/11\/cooper-ribbon-cutting-ceremony\/#breadcrumb","itemListElement":[{"@type":"ListItem","position":1,"name":"Home","item":"https:\/\/latinpcs.org\/"},{"@type":"ListItem","position":2,"name":"Cooper Ribbon-cutting Ceremony"}]},{"@type":"WebSite","@id":"https:\/\/latinpcs.org\/#website","url":"https:\/\/latinpcs.org\/","name":"\u00c9coles publiques \u00e0 charte latine de Washington","description":"Washington Latin Public Charter Schools, bas\u00e9 \u00e0 Washington, DC, propose une \u00e9ducation classique pour le monde moderne aux \u00e9l\u00e8ves de la 5e \u00e0 la 12e ann\u00e9e sur deux campus.","publisher":{"@id":"https:\/\/latinpcs.org\/#organization"},"potentialAction":[{"@type":"SearchAction","target":{"@type":"EntryPoint","urlTemplate":"https:\/\/latinpcs.org\/?s={search_term_string}"},"query-input":{"@type":"PropertyValueSpecification","valueRequired":true,"valueName":"search_term_string"}}],"inLanguage":"fr-FR"},{"@type":"Organization","@id":"https:\/\/latinpcs.org\/#organization","name":"\u00c9coles publiques \u00e0 charte latine de Washington","url":"https:\/\/latinpcs.org\/","logo":{"@type":"ImageObject","inLanguage":"fr-FR","@id":"https:\/\/latinpcs.org\/#\/schema\/logo\/image\/","url":"https:\/\/latinpcs.org\/wp-content\/uploads\/2025\/07\/Latin_logo_nknm_4c.svg","contentUrl":"https:\/\/latinpcs.org\/wp-content\/uploads\/2025\/07\/Latin_logo_nknm_4c.svg","width":1,"height":1,"caption":"Washington Latin Public Charter Schools"},"image":{"@id":"https:\/\/latinpcs.org\/#\/schema\/logo\/image\/"},"sameAs":["https:\/\/www.facebook.com\/WashingtonLatinPCS\/","https:\/\/www.instagram.com\/washingtonlatinpcs\/?hl=en","https:\/\/www.linkedin.com\/school\/washington-latin-public-charter-schools\/"]},{"@type":"Person","@id":"https:\/\/latinpcs.org\/#\/schema\/person\/3aa16d807028c4e5e65784a090c50b7c","name":"Kate Cromwell","image":{"@type":"ImageObject","inLanguage":"fr-FR","@id":"https:\/\/latinpcs.org\/#\/schema\/person\/image\/","url":"https:\/\/secure.gravatar.com\/avatar\/32e491910c66b5f2ef78fc417afb92cd9cb1978e08ad68f8f243b46a1a6c2016?s=96&d=mm&r=g","contentUrl":"https:\/\/secure.gravatar.com\/avatar\/32e491910c66b5f2ef78fc417afb92cd9cb1978e08ad68f8f243b46a1a6c2016?s=96&d=mm&r=g","caption":"Kate Cromwell"},"url":"https:\/\/latinpcs.org\/fr\/author\/kcromwell\/"}]}},"rendered-html":"<div class=\"default appear-on-scroll post-26143 post type-post status-publish format-standard has-post-thumbnail hentry category-activities-and-events campus-latin-wide post-category-latin-news\" style=\"\">\n    \n\n        <a href=\"https:\/\/latinpcs.org\/fr\/2025\/11\/cooper-ribbon-cutting-ceremony\/\" class=\"thumbnail\" aria-labelledby=\"p26143-title\" style=\"\"><img width=\"1000\" height=\"1006\" src=\"https:\/\/latinpcs.org\/wp-content\/uploads\/2025\/11\/IMG_1062.jpg\" class=\"attachment-post-thumb size-post-thumb wp-post-image\" alt=\"\" decoding=\"async\" srcset=\"https:\/\/latinpcs.org\/wp-content\/uploads\/2025\/11\/IMG_1062.jpg 1000w, https:\/\/latinpcs.org\/wp-content\/uploads\/2025\/11\/IMG_1062-298x300.jpg 298w, https:\/\/latinpcs.org\/wp-content\/uploads\/2025\/11\/IMG_1062-150x150.jpg 150w, https:\/\/latinpcs.org\/wp-content\/uploads\/2025\/11\/IMG_1062-768x773.jpg 768w, https:\/\/latinpcs.org\/wp-content\/uploads\/2025\/11\/IMG_1062-12x12.jpg 12w, https:\/\/latinpcs.org\/wp-content\/uploads\/2025\/11\/IMG_1062-100x100.jpg 100w\" sizes=\"(max-width: 1000px) 100vw, 1000px\" \/><\/a><h3 class=\"title heading h4\"><a href=\"https:\/\/latinpcs.org\/fr\/2025\/11\/cooper-ribbon-cutting-ceremony\/\">Cooper Ribbon-cutting Ceremony<\/a><\/h3><div class=\"content\"><p>The Cooper Campus officially cut the ribbon on our new facility in Northeast DC on October 31, 2025 in the sunlit lobby of our new Middle School building! On the &hellip;<\/p>\n<\/div>\n    \n<\/div>","_links":{"self":[{"href":"https:\/\/latinpcs.org\/fr\/wp-json\/wp\/v2\/posts\/26143","targetHints":{"allow":["GET"]}}],"collection":[{"href":"https:\/\/latinpcs.org\/fr\/wp-json\/wp\/v2\/posts"}],"about":[{"href":"https:\/\/latinpcs.org\/fr\/wp-json\/wp\/v2\/types\/post"}],"author":[{"embeddable":true,"href":"https:\/\/latinpcs.org\/fr\/wp-json\/wp\/v2\/users\/3"}],"replies":[{"embeddable":true,"href":"https:\/\/latinpcs.org\/fr\/wp-json\/wp\/v2\/comments?post=26143"}],"version-history":[{"count":0,"href":"https:\/\/latinpcs.org\/fr\/wp-json\/wp\/v2\/posts\/26143\/revisions"}],"wp:featuredmedia":[{"embeddable":true,"href":"https:\/\/latinpcs.org\/fr\/wp-json\/wp\/v2\/media\/26167"}],"wp:attachment":[{"href":"https:\/\/latinpcs.org\/fr\/wp-json\/wp\/v2\/media?parent=26143"}],"wp:term":[{"taxonomy":"category","embeddable":true,"href":"https:\/\/latinpcs.org\/fr\/wp-json\/wp\/v2\/categories?post=26143"},{"taxonomy":"campus","embeddable":true,"href":"https:\/\/latinpcs.org\/fr\/wp-json\/wp\/v2\/campus?post=26143"},{"taxonomy":"post-category","embeddable":true,"href":"https:\/\/latinpcs.org\/fr\/wp-json\/wp\/v2\/post-category?post=26143"}],"curies":[{"name":"wp","href":"https:\/\/api.w.org\/{rel}","templated":true}]}}