{"id":24857,"date":"2026-08-07T17:22:30","date_gmt":"2026-08-07T17:22:30","guid":{"rendered":"https:\/\/latinpcs.org\/?p=24857"},"modified":"2026-08-07T17:59:36","modified_gmt":"2026-08-07T17:59:36","slug":"2nd-street-used-uniform-donations-2","status":"publish","type":"post","link":"https:\/\/latinpcs.org\/fr\/2026\/08\/2nd-street-used-uniform-donations-2\/","title":{"rendered":"Dons d&#039;uniformes usag\u00e9s de la 2e rue"},"content":{"rendered":"<p  class=\"appear-on-scroll is-style-intro wp-block-paragraph\" >Appel \u00e0 toutes les familles de la 2e Rue\u00a0! Nous avons besoin de dons d&#039;uniformes usag\u00e9s et de b\u00e9n\u00e9voles\u00a0!<\/p>\n\n<p  class=\"appear-on-scroll is-style-intro wp-block-paragraph\" >Quoi \/ Pourquoi<\/p>\n\n<p class=\"appear-on-scroll wp-block-paragraph\">Nous recherchons des b\u00e9n\u00e9voles pour aider \u00e0 la mise en place (ranger les v\u00eatements, les laver et les plier si n\u00e9cessaire, les installer sur les tables) et pour tenir la vente le 23 ao\u00fbt.<\/p>\n\n<p class=\"appear-on-scroll wp-block-paragraph\">Des b\u00e9n\u00e9voles pr\u00e9pareront l&#039;espace de vente dans la salle polyvalente le samedi 22 ao\u00fbt de 14h \u00e0 18h, ou jusqu&#039;\u00e0 ce qu&#039;il soit pr\u00eat \u00e0 accueillir les clients. Ils pourront \u00e9galement apporter leur aide dans cet espace le dimanche 23 ao\u00fbt \u00e0 partir de 14h, jusqu&#039;\u00e0 \u00e9puisement des stocks.\u00a0<\/p>\n\n<p class=\"appear-on-scroll wp-block-paragraph\">Nous recherchons \u00e9galement des dons d\u2019uniformes qui :<\/p>\n\n<ul  class=\"appear-on-scroll wp-block-list\" >\n<li>Conforme \u00e0 la <strong><a href=\"https:\/\/latinpcs.org\/fr\/resources\/2025\/07\/uniform-policy\/\">Politique sur les uniformes latins<\/a><\/strong> <\/li>\n\n\n\n<li>Sont propres et secs<\/li>\n\n\n\n<li>Sont en bon \u00e9tat (pas de d\u00e9chirures ni de taches importantes)<\/li>\n<\/ul>\n\n<h2  class=\"appear-on-scroll wp-block-heading\" ><span class=\"text\">Quand<\/span><\/h2>\n\n<p class=\"appear-on-scroll wp-block-paragraph\">Les b\u00e9n\u00e9voles peuvent s&#039;inscrire pour une ou deux heures. Les dons peuvent \u00eatre d\u00e9pos\u00e9s \u00e0 l&#039;accueil de la 2nd Street \u00e0 tout moment (pendant les heures d&#039;ouverture) jusqu&#039;\u00e0 14h30 le jour de la vente. <strong>Dimanche 23 ao\u00fbt<\/strong>, 15h00 \u2013 17h00. (Vous souhaitez en savoir plus sur l&#039;\u00e9v\u00e9nement ? <strong><a href=\"https:\/\/latinpcs.org\/fr\/2025\/08\/back-to-school-get-together\/\">EN SAVOIR PLUS<\/a><\/strong>)<\/p>\n\n<h2  class=\"appear-on-scroll wp-block-heading\" ><span class=\"text\">OMS<\/span><\/h2>\n\n<p class=\"appear-on-scroll wp-block-paragraph\">Toutes les familles de 2nd Street sont encourag\u00e9es \u00e0 faire des dons et du b\u00e9n\u00e9volat\u00a0! Remarque\u00a0: Les \u00e9l\u00e8ves du secondaire sont encourag\u00e9s \u00e0 faire du b\u00e9n\u00e9volat pour obtenir des cr\u00e9dits de service communautaire.<\/p>","protected":false},"excerpt":{"rendered":"<p>B\u00e9n\u00e9voles de l&#039;ISO et dons d&#039;uniformes pour la vente d&#039;uniformes usag\u00e9s de la 2e rue le 24 ao\u00fbt.<\/p>","protected":false},"author":4,"featured_media":24920,"comment_status":"closed","ping_status":"closed","sticky":false,"template":"","format":"standard","meta":{"featured_image_background_position":"50% 50%","footnotes":""},"categories":[32],"campus":[6],"post-category":[12],"class_list":["post-24857","post","type-post","status-publish","format-standard","has-post-thumbnail","hentry","category-back-to-school","campus-2nd-street","post-category-announcement"],"yoast_head":"<!-- This site is optimized with the Yoast SEO plugin v25.6 - https:\/\/yoast.com\/wordpress\/plugins\/seo\/ -->\n<title>2nd Street Used Uniform Donations - Washington Latin Public Charter Schools<\/title>\n<meta name=\"robots\" content=\"index, follow, max-snippet:-1, max-image-preview:large, max-video-preview:-1\" \/>\n<link rel=\"canonical\" href=\"https:\/\/latinpcs.org\/fr\/2026\/08\/2nd-street-used-uniform-donations-2\/\" \/>\n<meta property=\"og:locale\" content=\"fr_FR\" \/>\n<meta property=\"og:type\" content=\"article\" \/>\n<meta property=\"og:title\" content=\"2nd Street Used Uniform Donations - Washington Latin Public Charter Schools\" \/>\n<meta property=\"og:description\" content=\"ISO volunteers and uniform donations for 2nd St&#039;s used uniform sale on Aug 24.\" \/>\n<meta property=\"og:url\" content=\"https:\/\/latinpcs.org\/fr\/2026\/08\/2nd-street-used-uniform-donations-2\/\" \/>\n<meta property=\"og:site_name\" content=\"Washington Latin Public Charter Schools\" \/>\n<meta property=\"article:publisher\" content=\"https:\/\/www.facebook.com\/WashingtonLatinPCS\/\" \/>\n<meta property=\"article:published_time\" content=\"2026-08-07T17:22:30+00:00\" \/>\n<meta property=\"article:modified_time\" content=\"2026-08-07T17:59:36+00:00\" \/>\n<meta property=\"og:image\" content=\"https:\/\/latinpcs.org\/wp-content\/uploads\/2025\/08\/eclipse-2.jpeg\" \/>\n\t<meta property=\"og:image:width\" content=\"1367\" \/>\n\t<meta property=\"og:image:height\" content=\"1367\" \/>\n\t<meta property=\"og:image:type\" content=\"image\/jpeg\" \/>\n<meta name=\"author\" content=\"Anaya Rodgers\" \/>\n<meta name=\"twitter:card\" content=\"summary_large_image\" \/>\n<meta name=\"twitter:label1\" content=\"Written by\" \/>\n\t<meta name=\"twitter:data1\" content=\"Anaya Rodgers\" \/>\n\t<meta name=\"twitter:label2\" content=\"Est. reading time\" \/>\n\t<meta name=\"twitter:data2\" content=\"2 minutes\" \/>\n<script type=\"application\/ld+json\" class=\"yoast-schema-graph\">{\"@context\":\"https:\/\/schema.org\",\"@graph\":[{\"@type\":\"Article\",\"@id\":\"https:\/\/latinpcs.org\/2026\/08\/2nd-street-used-uniform-donations-2\/#article\",\"isPartOf\":{\"@id\":\"https:\/\/latinpcs.org\/2026\/08\/2nd-street-used-uniform-donations-2\/\"},\"author\":{\"name\":\"Anaya Rodgers\",\"@id\":\"https:\/\/latinpcs.org\/#\/schema\/person\/4471fa7fd209f283fbd2c0c9fffbb5a5\"},\"headline\":\"2nd Street Used Uniform Donations\",\"datePublished\":\"2026-08-07T17:22:30+00:00\",\"dateModified\":\"2026-08-07T17:59:36+00:00\",\"mainEntityOfPage\":{\"@id\":\"https:\/\/latinpcs.org\/2026\/08\/2nd-street-used-uniform-donations-2\/\"},\"wordCount\":191,\"publisher\":{\"@id\":\"https:\/\/latinpcs.org\/#organization\"},\"image\":{\"@id\":\"https:\/\/latinpcs.org\/2026\/08\/2nd-street-used-uniform-donations-2\/#primaryimage\"},\"thumbnailUrl\":\"https:\/\/latinpcs.org\/wp-content\/uploads\/2025\/08\/eclipse-2.jpeg\",\"articleSection\":[\"Back to School\"],\"inLanguage\":\"fr-FR\"},{\"@type\":\"WebPage\",\"@id\":\"https:\/\/latinpcs.org\/2026\/08\/2nd-street-used-uniform-donations-2\/\",\"url\":\"https:\/\/latinpcs.org\/2026\/08\/2nd-street-used-uniform-donations-2\/\",\"name\":\"2nd Street Used Uniform Donations - Washington Latin Public Charter Schools\",\"isPartOf\":{\"@id\":\"https:\/\/latinpcs.org\/#website\"},\"primaryImageOfPage\":{\"@id\":\"https:\/\/latinpcs.org\/2026\/08\/2nd-street-used-uniform-donations-2\/#primaryimage\"},\"image\":{\"@id\":\"https:\/\/latinpcs.org\/2026\/08\/2nd-street-used-uniform-donations-2\/#primaryimage\"},\"thumbnailUrl\":\"https:\/\/latinpcs.org\/wp-content\/uploads\/2025\/08\/eclipse-2.jpeg\",\"datePublished\":\"2026-08-07T17:22:30+00:00\",\"dateModified\":\"2026-08-07T17:59:36+00:00\",\"breadcrumb\":{\"@id\":\"https:\/\/latinpcs.org\/2026\/08\/2nd-street-used-uniform-donations-2\/#breadcrumb\"},\"inLanguage\":\"fr-FR\",\"potentialAction\":[{\"@type\":\"ReadAction\",\"target\":[\"https:\/\/latinpcs.org\/2026\/08\/2nd-street-used-uniform-donations-2\/\"]}]},{\"@type\":\"ImageObject\",\"inLanguage\":\"fr-FR\",\"@id\":\"https:\/\/latinpcs.org\/2026\/08\/2nd-street-used-uniform-donations-2\/#primaryimage\",\"url\":\"https:\/\/latinpcs.org\/wp-content\/uploads\/2025\/08\/eclipse-2.jpeg\",\"contentUrl\":\"https:\/\/latinpcs.org\/wp-content\/uploads\/2025\/08\/eclipse-2.jpeg\",\"width\":1367,\"height\":1367},{\"@type\":\"BreadcrumbList\",\"@id\":\"https:\/\/latinpcs.org\/2026\/08\/2nd-street-used-uniform-donations-2\/#breadcrumb\",\"itemListElement\":[{\"@type\":\"ListItem\",\"position\":1,\"name\":\"Home\",\"item\":\"https:\/\/latinpcs.org\/\"},{\"@type\":\"ListItem\",\"position\":2,\"name\":\"2nd Street Used Uniform Donations\"}]},{\"@type\":\"WebSite\",\"@id\":\"https:\/\/latinpcs.org\/#website\",\"url\":\"https:\/\/latinpcs.org\/\",\"name\":\"Washington Latin Public Charter Schools\",\"description\":\"Washington Latin Public Charter Schools, based in Washington, DC, offers a classical education for the modern world for students in grades 5-12 across two campuses.\",\"publisher\":{\"@id\":\"https:\/\/latinpcs.org\/#organization\"},\"potentialAction\":[{\"@type\":\"SearchAction\",\"target\":{\"@type\":\"EntryPoint\",\"urlTemplate\":\"https:\/\/latinpcs.org\/?s={search_term_string}\"},\"query-input\":{\"@type\":\"PropertyValueSpecification\",\"valueRequired\":true,\"valueName\":\"search_term_string\"}}],\"inLanguage\":\"fr-FR\"},{\"@type\":\"Organization\",\"@id\":\"https:\/\/latinpcs.org\/#organization\",\"name\":\"Washington Latin Public Charter Schools\",\"url\":\"https:\/\/latinpcs.org\/\",\"logo\":{\"@type\":\"ImageObject\",\"inLanguage\":\"fr-FR\",\"@id\":\"https:\/\/latinpcs.org\/#\/schema\/logo\/image\/\",\"url\":\"https:\/\/latinpcs.org\/wp-content\/uploads\/2025\/07\/Latin_logo_nknm_4c.svg\",\"contentUrl\":\"https:\/\/latinpcs.org\/wp-content\/uploads\/2025\/07\/Latin_logo_nknm_4c.svg\",\"width\":1,\"height\":1,\"caption\":\"Washington Latin Public Charter Schools\"},\"image\":{\"@id\":\"https:\/\/latinpcs.org\/#\/schema\/logo\/image\/\"},\"sameAs\":[\"https:\/\/www.facebook.com\/WashingtonLatinPCS\/\",\"https:\/\/www.instagram.com\/washingtonlatinpcs\/?hl=en\",\"https:\/\/www.linkedin.com\/school\/washington-latin-public-charter-schools\/\"]},{\"@type\":\"Person\",\"@id\":\"https:\/\/latinpcs.org\/#\/schema\/person\/4471fa7fd209f283fbd2c0c9fffbb5a5\",\"name\":\"Anaya Rodgers\",\"image\":{\"@type\":\"ImageObject\",\"inLanguage\":\"fr-FR\",\"@id\":\"https:\/\/latinpcs.org\/#\/schema\/person\/image\/\",\"url\":\"https:\/\/secure.gravatar.com\/avatar\/f39d71c19ed8e38dbfec588b017007383f137b77040bcc02cac06c6f62fb7fe9?s=96&d=mm&r=g\",\"contentUrl\":\"https:\/\/secure.gravatar.com\/avatar\/f39d71c19ed8e38dbfec588b017007383f137b77040bcc02cac06c6f62fb7fe9?s=96&d=mm&r=g\",\"caption\":\"Anaya Rodgers\"},\"url\":\"https:\/\/latinpcs.org\/fr\/author\/arodgers\/\"}]}<\/script>\n<!-- \/ Yoast SEO plugin. -->","yoast_head_json":{"title":"Dons d&#039;uniformes usag\u00e9s de la 2e rue - Washington Latin Public Charter Schools","robots":{"index":"index","follow":"follow","max-snippet":"max-snippet:-1","max-image-preview":"max-image-preview:large","max-video-preview":"max-video-preview:-1"},"canonical":"https:\/\/latinpcs.org\/fr\/2026\/08\/2nd-street-used-uniform-donations-2\/","og_locale":"fr_FR","og_type":"article","og_title":"2nd Street Used Uniform Donations - Washington Latin Public Charter Schools","og_description":"ISO volunteers and uniform donations for 2nd St's used uniform sale on Aug 24.","og_url":"https:\/\/latinpcs.org\/fr\/2026\/08\/2nd-street-used-uniform-donations-2\/","og_site_name":"Washington Latin Public Charter Schools","article_publisher":"https:\/\/www.facebook.com\/WashingtonLatinPCS\/","article_published_time":"2026-08-07T17:22:30+00:00","article_modified_time":"2026-08-07T17:59:36+00:00","og_image":[{"width":1367,"height":1367,"url":"https:\/\/latinpcs.org\/wp-content\/uploads\/2025\/08\/eclipse-2.jpeg","type":"image\/jpeg"}],"author":"Anaya Rodgers","twitter_card":"summary_large_image","twitter_misc":{"Written by":"Anaya Rodgers","Est. reading time":"2 minutes"},"schema":{"@context":"https:\/\/schema.org","@graph":[{"@type":"Article","@id":"https:\/\/latinpcs.org\/2026\/08\/2nd-street-used-uniform-donations-2\/#article","isPartOf":{"@id":"https:\/\/latinpcs.org\/2026\/08\/2nd-street-used-uniform-donations-2\/"},"author":{"name":"Anaya Rodgers","@id":"https:\/\/latinpcs.org\/#\/schema\/person\/4471fa7fd209f283fbd2c0c9fffbb5a5"},"headline":"2nd Street Used Uniform Donations","datePublished":"2026-08-07T17:22:30+00:00","dateModified":"2026-08-07T17:59:36+00:00","mainEntityOfPage":{"@id":"https:\/\/latinpcs.org\/2026\/08\/2nd-street-used-uniform-donations-2\/"},"wordCount":191,"publisher":{"@id":"https:\/\/latinpcs.org\/#organization"},"image":{"@id":"https:\/\/latinpcs.org\/2026\/08\/2nd-street-used-uniform-donations-2\/#primaryimage"},"thumbnailUrl":"https:\/\/latinpcs.org\/wp-content\/uploads\/2025\/08\/eclipse-2.jpeg","articleSection":["Back to School"],"inLanguage":"fr-FR"},{"@type":"WebPage","@id":"https:\/\/latinpcs.org\/2026\/08\/2nd-street-used-uniform-donations-2\/","url":"https:\/\/latinpcs.org\/2026\/08\/2nd-street-used-uniform-donations-2\/","name":"Dons d&#039;uniformes usag\u00e9s de la 2e rue - Washington Latin Public Charter Schools","isPartOf":{"@id":"https:\/\/latinpcs.org\/#website"},"primaryImageOfPage":{"@id":"https:\/\/latinpcs.org\/2026\/08\/2nd-street-used-uniform-donations-2\/#primaryimage"},"image":{"@id":"https:\/\/latinpcs.org\/2026\/08\/2nd-street-used-uniform-donations-2\/#primaryimage"},"thumbnailUrl":"https:\/\/latinpcs.org\/wp-content\/uploads\/2025\/08\/eclipse-2.jpeg","datePublished":"2026-08-07T17:22:30+00:00","dateModified":"2026-08-07T17:59:36+00:00","breadcrumb":{"@id":"https:\/\/latinpcs.org\/2026\/08\/2nd-street-used-uniform-donations-2\/#breadcrumb"},"inLanguage":"fr-FR","potentialAction":[{"@type":"ReadAction","target":["https:\/\/latinpcs.org\/2026\/08\/2nd-street-used-uniform-donations-2\/"]}]},{"@type":"ImageObject","inLanguage":"fr-FR","@id":"https:\/\/latinpcs.org\/2026\/08\/2nd-street-used-uniform-donations-2\/#primaryimage","url":"https:\/\/latinpcs.org\/wp-content\/uploads\/2025\/08\/eclipse-2.jpeg","contentUrl":"https:\/\/latinpcs.org\/wp-content\/uploads\/2025\/08\/eclipse-2.jpeg","width":1367,"height":1367},{"@type":"BreadcrumbList","@id":"https:\/\/latinpcs.org\/2026\/08\/2nd-street-used-uniform-donations-2\/#breadcrumb","itemListElement":[{"@type":"ListItem","position":1,"name":"Home","item":"https:\/\/latinpcs.org\/"},{"@type":"ListItem","position":2,"name":"2nd Street Used Uniform Donations"}]},{"@type":"WebSite","@id":"https:\/\/latinpcs.org\/#website","url":"https:\/\/latinpcs.org\/","name":"\u00c9coles publiques \u00e0 charte latine de Washington","description":"Washington Latin Public Charter Schools, bas\u00e9 \u00e0 Washington, DC, propose une \u00e9ducation classique pour le monde moderne aux \u00e9l\u00e8ves de la 5e \u00e0 la 12e ann\u00e9e sur deux campus.","publisher":{"@id":"https:\/\/latinpcs.org\/#organization"},"potentialAction":[{"@type":"SearchAction","target":{"@type":"EntryPoint","urlTemplate":"https:\/\/latinpcs.org\/?s={search_term_string}"},"query-input":{"@type":"PropertyValueSpecification","valueRequired":true,"valueName":"search_term_string"}}],"inLanguage":"fr-FR"},{"@type":"Organization","@id":"https:\/\/latinpcs.org\/#organization","name":"\u00c9coles publiques \u00e0 charte latine de Washington","url":"https:\/\/latinpcs.org\/","logo":{"@type":"ImageObject","inLanguage":"fr-FR","@id":"https:\/\/latinpcs.org\/#\/schema\/logo\/image\/","url":"https:\/\/latinpcs.org\/wp-content\/uploads\/2025\/07\/Latin_logo_nknm_4c.svg","contentUrl":"https:\/\/latinpcs.org\/wp-content\/uploads\/2025\/07\/Latin_logo_nknm_4c.svg","width":1,"height":1,"caption":"Washington Latin Public Charter Schools"},"image":{"@id":"https:\/\/latinpcs.org\/#\/schema\/logo\/image\/"},"sameAs":["https:\/\/www.facebook.com\/WashingtonLatinPCS\/","https:\/\/www.instagram.com\/washingtonlatinpcs\/?hl=en","https:\/\/www.linkedin.com\/school\/washington-latin-public-charter-schools\/"]},{"@type":"Person","@id":"https:\/\/latinpcs.org\/#\/schema\/person\/4471fa7fd209f283fbd2c0c9fffbb5a5","name":"Anaya Rodgers","image":{"@type":"ImageObject","inLanguage":"fr-FR","@id":"https:\/\/latinpcs.org\/#\/schema\/person\/image\/","url":"https:\/\/secure.gravatar.com\/avatar\/f39d71c19ed8e38dbfec588b017007383f137b77040bcc02cac06c6f62fb7fe9?s=96&d=mm&r=g","contentUrl":"https:\/\/secure.gravatar.com\/avatar\/f39d71c19ed8e38dbfec588b017007383f137b77040bcc02cac06c6f62fb7fe9?s=96&d=mm&r=g","caption":"Anaya Rodgers"},"url":"https:\/\/latinpcs.org\/fr\/author\/arodgers\/"}]}},"rendered-html":"<div class=\"default appear-on-scroll post-24857 post type-post status-publish format-standard has-post-thumbnail hentry category-back-to-school campus-2nd-street post-category-announcement\" style=\"\">\n    \n\n        <a href=\"https:\/\/latinpcs.org\/fr\/2026\/08\/2nd-street-used-uniform-donations-2\/\" class=\"thumbnail\" aria-labelledby=\"p24857-title\" style=\"--focal-point:50% 50%\"><img width=\"1024\" height=\"1024\" src=\"https:\/\/latinpcs.org\/wp-content\/uploads\/2025\/08\/eclipse-2-1024x1024.jpeg\" class=\"attachment-post-thumb size-post-thumb wp-post-image\" alt=\"\" decoding=\"async\" srcset=\"https:\/\/latinpcs.org\/wp-content\/uploads\/2025\/08\/eclipse-2-1024x1024.jpeg 1024w, https:\/\/latinpcs.org\/wp-content\/uploads\/2025\/08\/eclipse-2-300x300.jpeg 300w, https:\/\/latinpcs.org\/wp-content\/uploads\/2025\/08\/eclipse-2-150x150.jpeg 150w, https:\/\/latinpcs.org\/wp-content\/uploads\/2025\/08\/eclipse-2-768x768.jpeg 768w, https:\/\/latinpcs.org\/wp-content\/uploads\/2025\/08\/eclipse-2-12x12.jpeg 12w, https:\/\/latinpcs.org\/wp-content\/uploads\/2025\/08\/eclipse-2-100x100.jpeg 100w\" sizes=\"(max-width: 1024px) 100vw, 1024px\" \/><\/a><h3 class=\"title heading h4\"><a href=\"https:\/\/latinpcs.org\/fr\/2026\/08\/2nd-street-used-uniform-donations-2\/\">2nd Street Used Uniform Donations<\/a><\/h3><div class=\"content\"><p>ISO volunteers and uniform donations for 2nd St&#8217;s used uniform sale on Aug 24.<\/p>\n<\/div>\n    \n<\/div>","_links":{"self":[{"href":"https:\/\/latinpcs.org\/fr\/wp-json\/wp\/v2\/posts\/24857","targetHints":{"allow":["GET"]}}],"collection":[{"href":"https:\/\/latinpcs.org\/fr\/wp-json\/wp\/v2\/posts"}],"about":[{"href":"https:\/\/latinpcs.org\/fr\/wp-json\/wp\/v2\/types\/post"}],"author":[{"embeddable":true,"href":"https:\/\/latinpcs.org\/fr\/wp-json\/wp\/v2\/users\/4"}],"replies":[{"embeddable":true,"href":"https:\/\/latinpcs.org\/fr\/wp-json\/wp\/v2\/comments?post=24857"}],"version-history":[{"count":0,"href":"https:\/\/latinpcs.org\/fr\/wp-json\/wp\/v2\/posts\/24857\/revisions"}],"wp:featuredmedia":[{"embeddable":true,"href":"https:\/\/latinpcs.org\/fr\/wp-json\/wp\/v2\/media\/24920"}],"wp:attachment":[{"href":"https:\/\/latinpcs.org\/fr\/wp-json\/wp\/v2\/media?parent=24857"}],"wp:term":[{"taxonomy":"category","embeddable":true,"href":"https:\/\/latinpcs.org\/fr\/wp-json\/wp\/v2\/categories?post=24857"},{"taxonomy":"campus","embeddable":true,"href":"https:\/\/latinpcs.org\/fr\/wp-json\/wp\/v2\/campus?post=24857"},{"taxonomy":"post-category","embeddable":true,"href":"https:\/\/latinpcs.org\/fr\/wp-json\/wp\/v2\/post-category?post=24857"}],"curies":[{"name":"wp","href":"https:\/\/api.w.org\/{rel}","templated":true}]}}