{"id":24600,"date":"2026-08-07T15:52:19","date_gmt":"2026-08-07T15:52:19","guid":{"rendered":"https:\/\/latinpcs.org\/?p=24600"},"modified":"2026-08-07T15:52:20","modified_gmt":"2026-08-07T15:52:20","slug":"cooper-campus-used-uniform-volunteers-and-donations","status":"publish","type":"post","link":"https:\/\/latinpcs.org\/fr\/2026\/08\/cooper-campus-used-uniform-volunteers-and-donations\/","title":{"rendered":"B\u00e9n\u00e9voles et dons d&#039;uniformes usag\u00e9s du campus Cooper"},"content":{"rendered":"<p  class=\"appear-on-scroll is-style-intro wp-block-paragraph\" ><strong><em>ANNONCE: <\/em><\/strong>Appel \u00e0 toutes les familles du campus Cooper ! Nous avons besoin de b\u00e9n\u00e9voles et de dons pour la grande vente annuelle d&#039;uniformes d&#039;occasion en bon \u00e9tat qui aura lieu le 23 ao\u00fbt !<\/p>\n\n<h2  class=\"appear-on-scroll wp-block-heading is-style-default\" ><span class=\"text\">Quoi \/ Pourquoi<\/span><\/h2>\n\n<p  class=\"appear-on-scroll is-style-default wp-block-paragraph\" >Nous recherchons des b\u00e9n\u00e9voles pour aider \u00e0 la mise en place (organiser les v\u00eatements, les laver et les plier au besoin, les installer sur les tables) et ensuite pour la vente le 23 ao\u00fbt lors de la F\u00eate de famille.<br><br>Des b\u00e9n\u00e9voles pr\u00e9pareront l&#039;espace de vente dans la salle polyvalente (MPR) le dimanche 23 ao\u00fbt apr\u00e8s-midi, jusqu&#039;\u00e0 ce qu&#039;il soit pr\u00eat \u00e0 accueillir les clients. Ils seront pr\u00e9sents dans la salle polyvalente (MPR) le dimanche 23 ao\u00fbt de 16h \u00e0 19h, ou jusqu&#039;\u00e0 \u00e9puisement des stocks. Inscrivez-vous comme b\u00e9n\u00e9vole pour la vente du campus Cooper en envoyant un courriel \u00e0 <a href=\"mailto:communication@latinpcs.org\">communication@latinpcs.org<\/a>.<\/p>\n\n<p class=\"appear-on-scroll wp-block-paragraph\">Nous recherchons \u00e9galement des dons d\u2019uniformes qui :<\/p>\n\n<ul  class=\"appear-on-scroll wp-block-list is-style-default\" >\n<li>Conforme \u00e0 la politique uniforme latine<\/li>\n\n\n\n<li>Sont propres et secs<\/li>\n\n\n\n<li>Sont en bon \u00e9tat (pas de d\u00e9chirures ni de taches importantes)<\/li>\n<\/ul>\n\n<h2  class=\"appear-on-scroll wp-block-heading is-style-default\" ><span class=\"text\">Quand<\/span><\/h2>\n\n<p  class=\"appear-on-scroll is-style-default wp-block-paragraph\" >Les b\u00e9n\u00e9voles peuvent s&#039;inscrire pour un cr\u00e9neau horaire. Les dons peuvent \u00eatre d\u00e9pos\u00e9s dans le hall du b\u00e2timent du coll\u00e8ge \u00e0 tout moment (pendant les heures d&#039;ouverture) jusqu&#039;\u00e0 15h30 le jour de la vente, le dimanche 23 ao\u00fbt, de 16h00 \u00e0 19h00.<\/p>\n\n<h2  class=\"appear-on-scroll wp-block-heading is-style-default\" ><span class=\"text\">OMS<\/span><\/h2>\n\n<p  class=\"appear-on-scroll is-style-default wp-block-paragraph\" >Toute famille du campus Cooper est encourag\u00e9e \u00e0 faire des dons et \u00e0 faire du b\u00e9n\u00e9volat ! <\/p>\n\n<p  class=\"appear-on-scroll is-style-default wp-block-paragraph\" >Remarque\u00a0: Il est pr\u00e9f\u00e9rable que les \u00e9l\u00e8ves du secondaire se portent volontaires pour obtenir des cr\u00e9dits de service communautaire.<\/p>","protected":false},"excerpt":{"rendered":"<p>ANNONCE : Appel \u00e0 toutes les familles du campus Cooper ! Nous avons besoin de b\u00e9n\u00e9voles et de dons pour la grande vente annuelle d&#039;uniformes d&#039;occasion en bon \u00e9tat, le 23 ao\u00fbt ! Quoi \/ Pourquoi ? Nous recherchons des b\u00e9n\u00e9voles pour nous aider \u00e0 installer\u2026<\/p>","protected":false},"author":4,"featured_media":0,"comment_status":"closed","ping_status":"closed","sticky":false,"template":"","format":"standard","meta":{"featured_image_background_position":"","footnotes":""},"categories":[32],"campus":[7],"post-category":[12],"class_list":["post-24600","post","type-post","status-publish","format-standard","hentry","category-back-to-school","campus-cooper","post-category-announcement"],"yoast_head":"<!-- This site is optimized with the Yoast SEO plugin v25.6 - https:\/\/yoast.com\/wordpress\/plugins\/seo\/ -->\n<title>Cooper Campus Used Uniform Volunteers and Donations - Washington Latin Public Charter Schools<\/title>\n<meta name=\"robots\" content=\"index, follow, max-snippet:-1, max-image-preview:large, max-video-preview:-1\" \/>\n<link rel=\"canonical\" href=\"https:\/\/latinpcs.org\/fr\/2026\/08\/cooper-campus-used-uniform-volunteers-and-donations\/\" \/>\n<meta property=\"og:locale\" content=\"fr_FR\" \/>\n<meta property=\"og:type\" content=\"article\" \/>\n<meta property=\"og:title\" content=\"Cooper Campus Used Uniform Volunteers and Donations - Washington Latin Public Charter Schools\" \/>\n<meta property=\"og:description\" content=\"ANNOUNCEMENT: Calling all Cooper Campus families! We need volunteers and donations for the big annual gently used uniform sale on 8\/23! What \/ Why Seeking volunteers to help set up &hellip;\" \/>\n<meta property=\"og:url\" content=\"https:\/\/latinpcs.org\/fr\/2026\/08\/cooper-campus-used-uniform-volunteers-and-donations\/\" \/>\n<meta property=\"og:site_name\" content=\"Washington Latin Public Charter Schools\" \/>\n<meta property=\"article:publisher\" content=\"https:\/\/www.facebook.com\/WashingtonLatinPCS\/\" \/>\n<meta property=\"article:published_time\" content=\"2026-08-07T15:52:19+00:00\" \/>\n<meta property=\"article:modified_time\" content=\"2026-08-07T15:52:20+00:00\" \/>\n<meta property=\"og:image\" content=\"https:\/\/latinpcs.org\/wp-content\/uploads\/2025\/07\/latin-default-social-image.jpg\" \/>\n\t<meta property=\"og:image:width\" content=\"2000\" \/>\n\t<meta property=\"og:image:height\" content=\"1333\" \/>\n\t<meta property=\"og:image:type\" content=\"image\/jpeg\" \/>\n<meta name=\"author\" content=\"Anaya Rodgers\" \/>\n<meta name=\"twitter:card\" content=\"summary_large_image\" \/>\n<meta name=\"twitter:label1\" content=\"Written by\" \/>\n\t<meta name=\"twitter:data1\" content=\"Anaya Rodgers\" \/>\n\t<meta name=\"twitter:label2\" content=\"Est. reading time\" \/>\n\t<meta name=\"twitter:data2\" content=\"1 minute\" \/>\n<script type=\"application\/ld+json\" class=\"yoast-schema-graph\">{\"@context\":\"https:\/\/schema.org\",\"@graph\":[{\"@type\":\"Article\",\"@id\":\"https:\/\/latinpcs.org\/2026\/08\/cooper-campus-used-uniform-volunteers-and-donations\/#article\",\"isPartOf\":{\"@id\":\"https:\/\/latinpcs.org\/2026\/08\/cooper-campus-used-uniform-volunteers-and-donations\/\"},\"author\":{\"name\":\"Anaya Rodgers\",\"@id\":\"https:\/\/latinpcs.org\/#\/schema\/person\/4471fa7fd209f283fbd2c0c9fffbb5a5\"},\"headline\":\"Cooper Campus Used Uniform Volunteers and Donations\",\"datePublished\":\"2026-08-07T15:52:19+00:00\",\"dateModified\":\"2026-08-07T15:52:20+00:00\",\"mainEntityOfPage\":{\"@id\":\"https:\/\/latinpcs.org\/2026\/08\/cooper-campus-used-uniform-volunteers-and-donations\/\"},\"wordCount\":204,\"publisher\":{\"@id\":\"https:\/\/latinpcs.org\/#organization\"},\"articleSection\":[\"Back to School\"],\"inLanguage\":\"fr-FR\"},{\"@type\":\"WebPage\",\"@id\":\"https:\/\/latinpcs.org\/2026\/08\/cooper-campus-used-uniform-volunteers-and-donations\/\",\"url\":\"https:\/\/latinpcs.org\/2026\/08\/cooper-campus-used-uniform-volunteers-and-donations\/\",\"name\":\"Cooper Campus Used Uniform Volunteers and Donations - Washington Latin Public Charter Schools\",\"isPartOf\":{\"@id\":\"https:\/\/latinpcs.org\/#website\"},\"datePublished\":\"2026-08-07T15:52:19+00:00\",\"dateModified\":\"2026-08-07T15:52:20+00:00\",\"breadcrumb\":{\"@id\":\"https:\/\/latinpcs.org\/2026\/08\/cooper-campus-used-uniform-volunteers-and-donations\/#breadcrumb\"},\"inLanguage\":\"fr-FR\",\"potentialAction\":[{\"@type\":\"ReadAction\",\"target\":[\"https:\/\/latinpcs.org\/2026\/08\/cooper-campus-used-uniform-volunteers-and-donations\/\"]}]},{\"@type\":\"BreadcrumbList\",\"@id\":\"https:\/\/latinpcs.org\/2026\/08\/cooper-campus-used-uniform-volunteers-and-donations\/#breadcrumb\",\"itemListElement\":[{\"@type\":\"ListItem\",\"position\":1,\"name\":\"Home\",\"item\":\"https:\/\/latinpcs.org\/\"},{\"@type\":\"ListItem\",\"position\":2,\"name\":\"Cooper Campus Used Uniform Volunteers and Donations\"}]},{\"@type\":\"WebSite\",\"@id\":\"https:\/\/latinpcs.org\/#website\",\"url\":\"https:\/\/latinpcs.org\/\",\"name\":\"Washington Latin Public Charter Schools\",\"description\":\"Washington Latin Public Charter Schools, based in Washington, DC, offers a classical education for the modern world for students in grades 5-12 across two campuses.\",\"publisher\":{\"@id\":\"https:\/\/latinpcs.org\/#organization\"},\"potentialAction\":[{\"@type\":\"SearchAction\",\"target\":{\"@type\":\"EntryPoint\",\"urlTemplate\":\"https:\/\/latinpcs.org\/?s={search_term_string}\"},\"query-input\":{\"@type\":\"PropertyValueSpecification\",\"valueRequired\":true,\"valueName\":\"search_term_string\"}}],\"inLanguage\":\"fr-FR\"},{\"@type\":\"Organization\",\"@id\":\"https:\/\/latinpcs.org\/#organization\",\"name\":\"Washington Latin Public Charter Schools\",\"url\":\"https:\/\/latinpcs.org\/\",\"logo\":{\"@type\":\"ImageObject\",\"inLanguage\":\"fr-FR\",\"@id\":\"https:\/\/latinpcs.org\/#\/schema\/logo\/image\/\",\"url\":\"https:\/\/latinpcs.org\/wp-content\/uploads\/2025\/07\/Latin_logo_nknm_4c.svg\",\"contentUrl\":\"https:\/\/latinpcs.org\/wp-content\/uploads\/2025\/07\/Latin_logo_nknm_4c.svg\",\"width\":1,\"height\":1,\"caption\":\"Washington Latin Public Charter Schools\"},\"image\":{\"@id\":\"https:\/\/latinpcs.org\/#\/schema\/logo\/image\/\"},\"sameAs\":[\"https:\/\/www.facebook.com\/WashingtonLatinPCS\/\",\"https:\/\/www.instagram.com\/washingtonlatinpcs\/?hl=en\",\"https:\/\/www.linkedin.com\/school\/washington-latin-public-charter-schools\/\"]},{\"@type\":\"Person\",\"@id\":\"https:\/\/latinpcs.org\/#\/schema\/person\/4471fa7fd209f283fbd2c0c9fffbb5a5\",\"name\":\"Anaya Rodgers\",\"image\":{\"@type\":\"ImageObject\",\"inLanguage\":\"fr-FR\",\"@id\":\"https:\/\/latinpcs.org\/#\/schema\/person\/image\/\",\"url\":\"https:\/\/secure.gravatar.com\/avatar\/f39d71c19ed8e38dbfec588b017007383f137b77040bcc02cac06c6f62fb7fe9?s=96&d=mm&r=g\",\"contentUrl\":\"https:\/\/secure.gravatar.com\/avatar\/f39d71c19ed8e38dbfec588b017007383f137b77040bcc02cac06c6f62fb7fe9?s=96&d=mm&r=g\",\"caption\":\"Anaya Rodgers\"},\"url\":\"https:\/\/latinpcs.org\/fr\/author\/arodgers\/\"}]}<\/script>\n<!-- \/ Yoast SEO plugin. -->","yoast_head_json":{"title":"B\u00e9n\u00e9voles et dons d&#039;uniformes usag\u00e9s pour le campus Cooper - Washington Latin Public Charter Schools","robots":{"index":"index","follow":"follow","max-snippet":"max-snippet:-1","max-image-preview":"max-image-preview:large","max-video-preview":"max-video-preview:-1"},"canonical":"https:\/\/latinpcs.org\/fr\/2026\/08\/cooper-campus-used-uniform-volunteers-and-donations\/","og_locale":"fr_FR","og_type":"article","og_title":"Cooper Campus Used Uniform Volunteers and Donations - Washington Latin Public Charter Schools","og_description":"ANNOUNCEMENT: Calling all Cooper Campus families! We need volunteers and donations for the big annual gently used uniform sale on 8\/23! What \/ Why Seeking volunteers to help set up &hellip;","og_url":"https:\/\/latinpcs.org\/fr\/2026\/08\/cooper-campus-used-uniform-volunteers-and-donations\/","og_site_name":"Washington Latin Public Charter Schools","article_publisher":"https:\/\/www.facebook.com\/WashingtonLatinPCS\/","article_published_time":"2026-08-07T15:52:19+00:00","article_modified_time":"2026-08-07T15:52:20+00:00","og_image":[{"width":2000,"height":1333,"url":"https:\/\/latinpcs.org\/wp-content\/uploads\/2025\/07\/latin-default-social-image.jpg","type":"image\/jpeg"}],"author":"Anaya Rodgers","twitter_card":"summary_large_image","twitter_misc":{"Written by":"Anaya Rodgers","Est. reading time":"1 minute"},"schema":{"@context":"https:\/\/schema.org","@graph":[{"@type":"Article","@id":"https:\/\/latinpcs.org\/2026\/08\/cooper-campus-used-uniform-volunteers-and-donations\/#article","isPartOf":{"@id":"https:\/\/latinpcs.org\/2026\/08\/cooper-campus-used-uniform-volunteers-and-donations\/"},"author":{"name":"Anaya Rodgers","@id":"https:\/\/latinpcs.org\/#\/schema\/person\/4471fa7fd209f283fbd2c0c9fffbb5a5"},"headline":"Cooper Campus Used Uniform Volunteers and Donations","datePublished":"2026-08-07T15:52:19+00:00","dateModified":"2026-08-07T15:52:20+00:00","mainEntityOfPage":{"@id":"https:\/\/latinpcs.org\/2026\/08\/cooper-campus-used-uniform-volunteers-and-donations\/"},"wordCount":204,"publisher":{"@id":"https:\/\/latinpcs.org\/#organization"},"articleSection":["Back to School"],"inLanguage":"fr-FR"},{"@type":"WebPage","@id":"https:\/\/latinpcs.org\/2026\/08\/cooper-campus-used-uniform-volunteers-and-donations\/","url":"https:\/\/latinpcs.org\/2026\/08\/cooper-campus-used-uniform-volunteers-and-donations\/","name":"B\u00e9n\u00e9voles et dons d&#039;uniformes usag\u00e9s pour le campus Cooper - Washington Latin Public Charter Schools","isPartOf":{"@id":"https:\/\/latinpcs.org\/#website"},"datePublished":"2026-08-07T15:52:19+00:00","dateModified":"2026-08-07T15:52:20+00:00","breadcrumb":{"@id":"https:\/\/latinpcs.org\/2026\/08\/cooper-campus-used-uniform-volunteers-and-donations\/#breadcrumb"},"inLanguage":"fr-FR","potentialAction":[{"@type":"ReadAction","target":["https:\/\/latinpcs.org\/2026\/08\/cooper-campus-used-uniform-volunteers-and-donations\/"]}]},{"@type":"BreadcrumbList","@id":"https:\/\/latinpcs.org\/2026\/08\/cooper-campus-used-uniform-volunteers-and-donations\/#breadcrumb","itemListElement":[{"@type":"ListItem","position":1,"name":"Home","item":"https:\/\/latinpcs.org\/"},{"@type":"ListItem","position":2,"name":"Cooper Campus Used Uniform Volunteers and Donations"}]},{"@type":"WebSite","@id":"https:\/\/latinpcs.org\/#website","url":"https:\/\/latinpcs.org\/","name":"\u00c9coles publiques \u00e0 charte latine de Washington","description":"Washington Latin Public Charter Schools, bas\u00e9 \u00e0 Washington, DC, propose une \u00e9ducation classique pour le monde moderne aux \u00e9l\u00e8ves de la 5e \u00e0 la 12e ann\u00e9e sur deux campus.","publisher":{"@id":"https:\/\/latinpcs.org\/#organization"},"potentialAction":[{"@type":"SearchAction","target":{"@type":"EntryPoint","urlTemplate":"https:\/\/latinpcs.org\/?s={search_term_string}"},"query-input":{"@type":"PropertyValueSpecification","valueRequired":true,"valueName":"search_term_string"}}],"inLanguage":"fr-FR"},{"@type":"Organization","@id":"https:\/\/latinpcs.org\/#organization","name":"\u00c9coles publiques \u00e0 charte latine de Washington","url":"https:\/\/latinpcs.org\/","logo":{"@type":"ImageObject","inLanguage":"fr-FR","@id":"https:\/\/latinpcs.org\/#\/schema\/logo\/image\/","url":"https:\/\/latinpcs.org\/wp-content\/uploads\/2025\/07\/Latin_logo_nknm_4c.svg","contentUrl":"https:\/\/latinpcs.org\/wp-content\/uploads\/2025\/07\/Latin_logo_nknm_4c.svg","width":1,"height":1,"caption":"Washington Latin Public Charter Schools"},"image":{"@id":"https:\/\/latinpcs.org\/#\/schema\/logo\/image\/"},"sameAs":["https:\/\/www.facebook.com\/WashingtonLatinPCS\/","https:\/\/www.instagram.com\/washingtonlatinpcs\/?hl=en","https:\/\/www.linkedin.com\/school\/washington-latin-public-charter-schools\/"]},{"@type":"Person","@id":"https:\/\/latinpcs.org\/#\/schema\/person\/4471fa7fd209f283fbd2c0c9fffbb5a5","name":"Anaya Rodgers","image":{"@type":"ImageObject","inLanguage":"fr-FR","@id":"https:\/\/latinpcs.org\/#\/schema\/person\/image\/","url":"https:\/\/secure.gravatar.com\/avatar\/f39d71c19ed8e38dbfec588b017007383f137b77040bcc02cac06c6f62fb7fe9?s=96&d=mm&r=g","contentUrl":"https:\/\/secure.gravatar.com\/avatar\/f39d71c19ed8e38dbfec588b017007383f137b77040bcc02cac06c6f62fb7fe9?s=96&d=mm&r=g","caption":"Anaya Rodgers"},"url":"https:\/\/latinpcs.org\/fr\/author\/arodgers\/"}]}},"rendered-html":"<div class=\"default appear-on-scroll post-24600 post type-post status-publish format-standard hentry category-back-to-school campus-cooper post-category-announcement\" style=\"\">\n    \n\n        <a href=\"https:\/\/latinpcs.org\/fr\/2026\/08\/cooper-campus-used-uniform-volunteers-and-donations\/\" class=\"thumbnail\" aria-labelledby=\"p24600-title\" style=\"\"><\/a><h3 class=\"title heading h4\"><a href=\"https:\/\/latinpcs.org\/fr\/2026\/08\/cooper-campus-used-uniform-volunteers-and-donations\/\">Cooper Campus Used Uniform Volunteers and Donations<\/a><\/h3><div class=\"content\"><p>ANNOUNCEMENT: Calling all Cooper Campus families! We need volunteers and donations for the big annual gently used uniform sale on 8\/23! What \/ Why Seeking volunteers to help set up &hellip;<\/p>\n<\/div>\n    \n<\/div>","_links":{"self":[{"href":"https:\/\/latinpcs.org\/fr\/wp-json\/wp\/v2\/posts\/24600","targetHints":{"allow":["GET"]}}],"collection":[{"href":"https:\/\/latinpcs.org\/fr\/wp-json\/wp\/v2\/posts"}],"about":[{"href":"https:\/\/latinpcs.org\/fr\/wp-json\/wp\/v2\/types\/post"}],"author":[{"embeddable":true,"href":"https:\/\/latinpcs.org\/fr\/wp-json\/wp\/v2\/users\/4"}],"replies":[{"embeddable":true,"href":"https:\/\/latinpcs.org\/fr\/wp-json\/wp\/v2\/comments?post=24600"}],"version-history":[{"count":0,"href":"https:\/\/latinpcs.org\/fr\/wp-json\/wp\/v2\/posts\/24600\/revisions"}],"wp:attachment":[{"href":"https:\/\/latinpcs.org\/fr\/wp-json\/wp\/v2\/media?parent=24600"}],"wp:term":[{"taxonomy":"category","embeddable":true,"href":"https:\/\/latinpcs.org\/fr\/wp-json\/wp\/v2\/categories?post=24600"},{"taxonomy":"campus","embeddable":true,"href":"https:\/\/latinpcs.org\/fr\/wp-json\/wp\/v2\/campus?post=24600"},{"taxonomy":"post-category","embeddable":true,"href":"https:\/\/latinpcs.org\/fr\/wp-json\/wp\/v2\/post-category?post=24600"}],"curies":[{"name":"wp","href":"https:\/\/api.w.org\/{rel}","templated":true}]}}