{"id":27163,"date":"2026-04-24T20:04:42","date_gmt":"2026-04-24T20:04:42","guid":{"rendered":"https:\/\/latinpcs.org\/?p=27163"},"modified":"2026-04-24T20:04:42","modified_gmt":"2026-04-24T20:04:42","slug":"celebrating-outstanding-development-in-the-arts-festival","status":"publish","type":"post","link":"https:\/\/latinpcs.org\/es\/2026\/04\/celebrating-outstanding-development-in-the-arts-festival\/","title":{"rendered":"Festival de Celebraci\u00f3n del Desarrollo Sobresaliente en las Artes"},"content":{"rendered":"<p  class=\"appear-on-scroll is-style-intro\" >El Festival CODA (Celebrating Outstanding Development in the Arts) de 2nd Street se llevar\u00e1 a cabo el mi\u00e9rcoles 6 de mayo de 4:00 p. m. a 6:00 p. m. Acomp\u00e1\u00f1enos junto al Departamento de Artes de 2nd Street para disfrutar de esta muestra del incre\u00edble talento de nuestros estudiantes de secundaria.<\/p>\n\n<p class=\"appear-on-scroll\">Este es el primer Festival CODA que presenta e incluye a estudiantes de secundaria, y reconoceremos a nuestros alumnos de octavo grado por su evoluci\u00f3n art\u00edstica a lo largo de la secundaria.<\/p>\n\n<p class=\"appear-on-scroll\">Este evento pone de relieve el crecimiento, la creatividad y los logros de nuestros alumnos de octavo grado. Les rendiremos homenaje a ellos, a su trayectoria, a su voz y a la vibrante comunidad art\u00edstica que han contribuido a forjar durante sus a\u00f1os de secundaria.<br><\/p>\n\n<p class=\"appear-on-scroll\">Esperamos que nos acompa\u00f1en en una tarde llena de m\u00fasica, artes visuales y teatro. Participen en un c\u00edrculo de percusi\u00f3n y creen su propia obra de arte. Habr\u00e1 refrigerios a la venta y todos los ingresos se destinar\u00e1n a apoyar nuestras pr\u00f3speras actividades art\u00edsticas. La entrada al festival es gratuita.<\/p>","protected":false},"excerpt":{"rendered":"<p>El Festival de la 2.\u00aa Calle para Celebrar el Desarrollo Destacado en las Artes (CODA) tendr\u00e1 lugar el mi\u00e9rcoles 6 de mayo de 16:00 a 18:00. Acomp\u00e1\u00f1enos junto al Departamento de Artes de la 2.\u00aa Calle para\u2026<\/p>","protected":false},"author":4,"featured_media":27164,"comment_status":"closed","ping_status":"closed","sticky":false,"template":"","format":"standard","meta":{"featured_image_background_position":"","footnotes":""},"categories":[38,4],"campus":[6],"post-category":[12],"class_list":["post-27163","post","type-post","status-publish","format-standard","has-post-thumbnail","hentry","category-activities-and-events","category-art-music","campus-2nd-street","post-category-announcement"],"yoast_head":"<!-- This site is optimized with the Yoast SEO plugin v25.6 - https:\/\/yoast.com\/wordpress\/plugins\/seo\/ -->\n<title>Celebrating Outstanding Development in the Arts Festival - Washington Latin Public Charter Schools<\/title>\n<meta name=\"robots\" content=\"index, follow, max-snippet:-1, max-image-preview:large, max-video-preview:-1\" \/>\n<link rel=\"canonical\" href=\"https:\/\/latinpcs.org\/es\/2026\/04\/celebrating-outstanding-development-in-the-arts-festival\/\" \/>\n<meta property=\"og:locale\" content=\"es_MX\" \/>\n<meta property=\"og:type\" content=\"article\" \/>\n<meta property=\"og:title\" content=\"Celebrating Outstanding Development in the Arts Festival - Washington Latin Public Charter Schools\" \/>\n<meta property=\"og:description\" content=\"The 2nd Street Celebrating Outstanding Development in the Arts (CODA) Festival will take place on Wednesday, May 6 from 4:00 &#8211; 6:00 pm. Join our 2nd Street Arts Department for &hellip;\" \/>\n<meta property=\"og:url\" content=\"https:\/\/latinpcs.org\/es\/2026\/04\/celebrating-outstanding-development-in-the-arts-festival\/\" \/>\n<meta property=\"og:site_name\" content=\"Washington Latin Public Charter Schools\" \/>\n<meta property=\"article:publisher\" content=\"https:\/\/www.facebook.com\/WashingtonLatinPCS\/\" \/>\n<meta property=\"article:published_time\" content=\"2026-04-24T20:04:42+00:00\" \/>\n<meta property=\"og:image\" content=\"https:\/\/latinpcs.org\/wp-content\/uploads\/2026\/04\/Miracle-with-Gloria-and-Wesley-scaled.jpg\" \/>\n\t<meta property=\"og:image:width\" content=\"3840\" \/>\n\t<meta property=\"og:image:height\" content=\"2561\" \/>\n\t<meta property=\"og:image:type\" content=\"image\/jpeg\" \/>\n<meta name=\"author\" content=\"Anaya Rodgers\" \/>\n<meta name=\"twitter:card\" content=\"summary_large_image\" \/>\n<meta name=\"twitter:label1\" content=\"Written by\" \/>\n\t<meta name=\"twitter:data1\" content=\"Anaya Rodgers\" \/>\n\t<meta name=\"twitter:label2\" content=\"Est. reading time\" \/>\n\t<meta name=\"twitter:data2\" content=\"1 minuto\" \/>\n<script type=\"application\/ld+json\" class=\"yoast-schema-graph\">{\"@context\":\"https:\/\/schema.org\",\"@graph\":[{\"@type\":\"Article\",\"@id\":\"https:\/\/latinpcs.org\/2026\/04\/celebrating-outstanding-development-in-the-arts-festival\/#article\",\"isPartOf\":{\"@id\":\"https:\/\/latinpcs.org\/2026\/04\/celebrating-outstanding-development-in-the-arts-festival\/\"},\"author\":{\"name\":\"Anaya Rodgers\",\"@id\":\"https:\/\/latinpcs.org\/#\/schema\/person\/4471fa7fd209f283fbd2c0c9fffbb5a5\"},\"headline\":\"Celebrating Outstanding Development in the Arts Festival\",\"datePublished\":\"2026-04-24T20:04:42+00:00\",\"mainEntityOfPage\":{\"@id\":\"https:\/\/latinpcs.org\/2026\/04\/celebrating-outstanding-development-in-the-arts-festival\/\"},\"wordCount\":157,\"publisher\":{\"@id\":\"https:\/\/latinpcs.org\/#organization\"},\"image\":{\"@id\":\"https:\/\/latinpcs.org\/2026\/04\/celebrating-outstanding-development-in-the-arts-festival\/#primaryimage\"},\"thumbnailUrl\":\"https:\/\/latinpcs.org\/wp-content\/uploads\/2026\/04\/Miracle-with-Gloria-and-Wesley-scaled.jpg\",\"articleSection\":[\"Activities and Events\",\"Art &amp; Music\"],\"inLanguage\":\"es\"},{\"@type\":\"WebPage\",\"@id\":\"https:\/\/latinpcs.org\/2026\/04\/celebrating-outstanding-development-in-the-arts-festival\/\",\"url\":\"https:\/\/latinpcs.org\/2026\/04\/celebrating-outstanding-development-in-the-arts-festival\/\",\"name\":\"Celebrating Outstanding Development in the Arts Festival - Washington Latin Public Charter Schools\",\"isPartOf\":{\"@id\":\"https:\/\/latinpcs.org\/#website\"},\"primaryImageOfPage\":{\"@id\":\"https:\/\/latinpcs.org\/2026\/04\/celebrating-outstanding-development-in-the-arts-festival\/#primaryimage\"},\"image\":{\"@id\":\"https:\/\/latinpcs.org\/2026\/04\/celebrating-outstanding-development-in-the-arts-festival\/#primaryimage\"},\"thumbnailUrl\":\"https:\/\/latinpcs.org\/wp-content\/uploads\/2026\/04\/Miracle-with-Gloria-and-Wesley-scaled.jpg\",\"datePublished\":\"2026-04-24T20:04:42+00:00\",\"breadcrumb\":{\"@id\":\"https:\/\/latinpcs.org\/2026\/04\/celebrating-outstanding-development-in-the-arts-festival\/#breadcrumb\"},\"inLanguage\":\"es\",\"potentialAction\":[{\"@type\":\"ReadAction\",\"target\":[\"https:\/\/latinpcs.org\/2026\/04\/celebrating-outstanding-development-in-the-arts-festival\/\"]}]},{\"@type\":\"ImageObject\",\"inLanguage\":\"es\",\"@id\":\"https:\/\/latinpcs.org\/2026\/04\/celebrating-outstanding-development-in-the-arts-festival\/#primaryimage\",\"url\":\"https:\/\/latinpcs.org\/wp-content\/uploads\/2026\/04\/Miracle-with-Gloria-and-Wesley-scaled.jpg\",\"contentUrl\":\"https:\/\/latinpcs.org\/wp-content\/uploads\/2026\/04\/Miracle-with-Gloria-and-Wesley-scaled.jpg\",\"width\":3840,\"height\":2561},{\"@type\":\"BreadcrumbList\",\"@id\":\"https:\/\/latinpcs.org\/2026\/04\/celebrating-outstanding-development-in-the-arts-festival\/#breadcrumb\",\"itemListElement\":[{\"@type\":\"ListItem\",\"position\":1,\"name\":\"Home\",\"item\":\"https:\/\/latinpcs.org\/\"},{\"@type\":\"ListItem\",\"position\":2,\"name\":\"Celebrating Outstanding Development in the Arts Festival\"}]},{\"@type\":\"WebSite\",\"@id\":\"https:\/\/latinpcs.org\/#website\",\"url\":\"https:\/\/latinpcs.org\/\",\"name\":\"Washington Latin Public Charter Schools\",\"description\":\"Washington Latin Public Charter Schools, based in Washington, DC, offers a classical education for the modern world for students in grades 5-12 across two campuses.\",\"publisher\":{\"@id\":\"https:\/\/latinpcs.org\/#organization\"},\"potentialAction\":[{\"@type\":\"SearchAction\",\"target\":{\"@type\":\"EntryPoint\",\"urlTemplate\":\"https:\/\/latinpcs.org\/?s={search_term_string}\"},\"query-input\":{\"@type\":\"PropertyValueSpecification\",\"valueRequired\":true,\"valueName\":\"search_term_string\"}}],\"inLanguage\":\"es\"},{\"@type\":\"Organization\",\"@id\":\"https:\/\/latinpcs.org\/#organization\",\"name\":\"Washington Latin Public Charter Schools\",\"url\":\"https:\/\/latinpcs.org\/\",\"logo\":{\"@type\":\"ImageObject\",\"inLanguage\":\"es\",\"@id\":\"https:\/\/latinpcs.org\/#\/schema\/logo\/image\/\",\"url\":\"https:\/\/latinpcs.org\/wp-content\/uploads\/2025\/07\/Latin_logo_nknm_4c.svg\",\"contentUrl\":\"https:\/\/latinpcs.org\/wp-content\/uploads\/2025\/07\/Latin_logo_nknm_4c.svg\",\"width\":1,\"height\":1,\"caption\":\"Washington Latin Public Charter Schools\"},\"image\":{\"@id\":\"https:\/\/latinpcs.org\/#\/schema\/logo\/image\/\"},\"sameAs\":[\"https:\/\/www.facebook.com\/WashingtonLatinPCS\/\",\"https:\/\/www.instagram.com\/washingtonlatinpcs\/?hl=en\",\"https:\/\/www.linkedin.com\/school\/washington-latin-public-charter-schools\/\"]},{\"@type\":\"Person\",\"@id\":\"https:\/\/latinpcs.org\/#\/schema\/person\/4471fa7fd209f283fbd2c0c9fffbb5a5\",\"name\":\"Anaya Rodgers\",\"image\":{\"@type\":\"ImageObject\",\"inLanguage\":\"es\",\"@id\":\"https:\/\/latinpcs.org\/#\/schema\/person\/image\/\",\"url\":\"https:\/\/secure.gravatar.com\/avatar\/f39d71c19ed8e38dbfec588b017007383f137b77040bcc02cac06c6f62fb7fe9?s=96&d=mm&r=g\",\"contentUrl\":\"https:\/\/secure.gravatar.com\/avatar\/f39d71c19ed8e38dbfec588b017007383f137b77040bcc02cac06c6f62fb7fe9?s=96&d=mm&r=g\",\"caption\":\"Anaya Rodgers\"},\"url\":\"https:\/\/latinpcs.org\/es\/author\/arodgers\/\"}]}<\/script>\n<!-- \/ Yoast SEO plugin. -->","yoast_head_json":{"title":"Festival para celebrar el desarrollo excepcional en las artes - Washington Latin Public Charter Schools","robots":{"index":"index","follow":"follow","max-snippet":"max-snippet:-1","max-image-preview":"max-image-preview:large","max-video-preview":"max-video-preview:-1"},"canonical":"https:\/\/latinpcs.org\/es\/2026\/04\/celebrating-outstanding-development-in-the-arts-festival\/","og_locale":"es_MX","og_type":"article","og_title":"Celebrating Outstanding Development in the Arts Festival - Washington Latin Public Charter Schools","og_description":"The 2nd Street Celebrating Outstanding Development in the Arts (CODA) Festival will take place on Wednesday, May 6 from 4:00 &#8211; 6:00 pm. Join our 2nd Street Arts Department for &hellip;","og_url":"https:\/\/latinpcs.org\/es\/2026\/04\/celebrating-outstanding-development-in-the-arts-festival\/","og_site_name":"Washington Latin Public Charter Schools","article_publisher":"https:\/\/www.facebook.com\/WashingtonLatinPCS\/","article_published_time":"2026-04-24T20:04:42+00:00","og_image":[{"width":3840,"height":2561,"url":"https:\/\/latinpcs.org\/wp-content\/uploads\/2026\/04\/Miracle-with-Gloria-and-Wesley-scaled.jpg","type":"image\/jpeg"}],"author":"Anaya Rodgers","twitter_card":"summary_large_image","twitter_misc":{"Written by":"Anaya Rodgers","Est. reading time":"1 minuto"},"schema":{"@context":"https:\/\/schema.org","@graph":[{"@type":"Article","@id":"https:\/\/latinpcs.org\/2026\/04\/celebrating-outstanding-development-in-the-arts-festival\/#article","isPartOf":{"@id":"https:\/\/latinpcs.org\/2026\/04\/celebrating-outstanding-development-in-the-arts-festival\/"},"author":{"name":"Anaya Rodgers","@id":"https:\/\/latinpcs.org\/#\/schema\/person\/4471fa7fd209f283fbd2c0c9fffbb5a5"},"headline":"Celebrating Outstanding Development in the Arts Festival","datePublished":"2026-04-24T20:04:42+00:00","mainEntityOfPage":{"@id":"https:\/\/latinpcs.org\/2026\/04\/celebrating-outstanding-development-in-the-arts-festival\/"},"wordCount":157,"publisher":{"@id":"https:\/\/latinpcs.org\/#organization"},"image":{"@id":"https:\/\/latinpcs.org\/2026\/04\/celebrating-outstanding-development-in-the-arts-festival\/#primaryimage"},"thumbnailUrl":"https:\/\/latinpcs.org\/wp-content\/uploads\/2026\/04\/Miracle-with-Gloria-and-Wesley-scaled.jpg","articleSection":["Activities and Events","Art &amp; Music"],"inLanguage":"es"},{"@type":"WebPage","@id":"https:\/\/latinpcs.org\/2026\/04\/celebrating-outstanding-development-in-the-arts-festival\/","url":"https:\/\/latinpcs.org\/2026\/04\/celebrating-outstanding-development-in-the-arts-festival\/","name":"Festival para celebrar el desarrollo excepcional en las artes - Washington Latin Public Charter Schools","isPartOf":{"@id":"https:\/\/latinpcs.org\/#website"},"primaryImageOfPage":{"@id":"https:\/\/latinpcs.org\/2026\/04\/celebrating-outstanding-development-in-the-arts-festival\/#primaryimage"},"image":{"@id":"https:\/\/latinpcs.org\/2026\/04\/celebrating-outstanding-development-in-the-arts-festival\/#primaryimage"},"thumbnailUrl":"https:\/\/latinpcs.org\/wp-content\/uploads\/2026\/04\/Miracle-with-Gloria-and-Wesley-scaled.jpg","datePublished":"2026-04-24T20:04:42+00:00","breadcrumb":{"@id":"https:\/\/latinpcs.org\/2026\/04\/celebrating-outstanding-development-in-the-arts-festival\/#breadcrumb"},"inLanguage":"es","potentialAction":[{"@type":"ReadAction","target":["https:\/\/latinpcs.org\/2026\/04\/celebrating-outstanding-development-in-the-arts-festival\/"]}]},{"@type":"ImageObject","inLanguage":"es","@id":"https:\/\/latinpcs.org\/2026\/04\/celebrating-outstanding-development-in-the-arts-festival\/#primaryimage","url":"https:\/\/latinpcs.org\/wp-content\/uploads\/2026\/04\/Miracle-with-Gloria-and-Wesley-scaled.jpg","contentUrl":"https:\/\/latinpcs.org\/wp-content\/uploads\/2026\/04\/Miracle-with-Gloria-and-Wesley-scaled.jpg","width":3840,"height":2561},{"@type":"BreadcrumbList","@id":"https:\/\/latinpcs.org\/2026\/04\/celebrating-outstanding-development-in-the-arts-festival\/#breadcrumb","itemListElement":[{"@type":"ListItem","position":1,"name":"Home","item":"https:\/\/latinpcs.org\/"},{"@type":"ListItem","position":2,"name":"Celebrating Outstanding Development in the Arts Festival"}]},{"@type":"WebSite","@id":"https:\/\/latinpcs.org\/#website","url":"https:\/\/latinpcs.org\/","name":"Escuelas p\u00fablicas ch\u00e1rter latinas de Washington","description":"Washington Latin Public Charter Schools, con sede en Washington, DC, ofrece una educaci\u00f3n cl\u00e1sica para el mundo moderno para estudiantes de 5.\u00ba a 12.\u00ba grado en dos campus.","publisher":{"@id":"https:\/\/latinpcs.org\/#organization"},"potentialAction":[{"@type":"SearchAction","target":{"@type":"EntryPoint","urlTemplate":"https:\/\/latinpcs.org\/?s={search_term_string}"},"query-input":{"@type":"PropertyValueSpecification","valueRequired":true,"valueName":"search_term_string"}}],"inLanguage":"es"},{"@type":"Organization","@id":"https:\/\/latinpcs.org\/#organization","name":"Escuelas p\u00fablicas ch\u00e1rter latinas de Washington","url":"https:\/\/latinpcs.org\/","logo":{"@type":"ImageObject","inLanguage":"es","@id":"https:\/\/latinpcs.org\/#\/schema\/logo\/image\/","url":"https:\/\/latinpcs.org\/wp-content\/uploads\/2025\/07\/Latin_logo_nknm_4c.svg","contentUrl":"https:\/\/latinpcs.org\/wp-content\/uploads\/2025\/07\/Latin_logo_nknm_4c.svg","width":1,"height":1,"caption":"Washington Latin Public Charter Schools"},"image":{"@id":"https:\/\/latinpcs.org\/#\/schema\/logo\/image\/"},"sameAs":["https:\/\/www.facebook.com\/WashingtonLatinPCS\/","https:\/\/www.instagram.com\/washingtonlatinpcs\/?hl=en","https:\/\/www.linkedin.com\/school\/washington-latin-public-charter-schools\/"]},{"@type":"Person","@id":"https:\/\/latinpcs.org\/#\/schema\/person\/4471fa7fd209f283fbd2c0c9fffbb5a5","name":"Anaya Rodgers","image":{"@type":"ImageObject","inLanguage":"es","@id":"https:\/\/latinpcs.org\/#\/schema\/person\/image\/","url":"https:\/\/secure.gravatar.com\/avatar\/f39d71c19ed8e38dbfec588b017007383f137b77040bcc02cac06c6f62fb7fe9?s=96&d=mm&r=g","contentUrl":"https:\/\/secure.gravatar.com\/avatar\/f39d71c19ed8e38dbfec588b017007383f137b77040bcc02cac06c6f62fb7fe9?s=96&d=mm&r=g","caption":"Anaya Rodgers"},"url":"https:\/\/latinpcs.org\/es\/author\/arodgers\/"}]}},"rendered-html":"<div class=\"default appear-on-scroll post-27163 post type-post status-publish format-standard has-post-thumbnail hentry category-activities-and-events category-art-music campus-2nd-street post-category-announcement\" style=\"\">\n    \n\n        <a href=\"https:\/\/latinpcs.org\/es\/2026\/04\/celebrating-outstanding-development-in-the-arts-festival\/\" class=\"thumbnail\" aria-labelledby=\"p27163-title\" style=\"\"><img width=\"1024\" height=\"683\" src=\"https:\/\/latinpcs.org\/wp-content\/uploads\/2026\/04\/Miracle-with-Gloria-and-Wesley-1024x683.jpg\" class=\"attachment-post-thumb size-post-thumb wp-post-image\" alt=\"\" decoding=\"async\" srcset=\"https:\/\/latinpcs.org\/wp-content\/uploads\/2026\/04\/Miracle-with-Gloria-and-Wesley-1024x683.jpg 1024w, https:\/\/latinpcs.org\/wp-content\/uploads\/2026\/04\/Miracle-with-Gloria-and-Wesley-300x200.jpg 300w, https:\/\/latinpcs.org\/wp-content\/uploads\/2026\/04\/Miracle-with-Gloria-and-Wesley-768x512.jpg 768w, https:\/\/latinpcs.org\/wp-content\/uploads\/2026\/04\/Miracle-with-Gloria-and-Wesley-18x12.jpg 18w\" sizes=\"(max-width: 1024px) 100vw, 1024px\" \/><\/a><h3 class=\"title heading h4\"><a href=\"https:\/\/latinpcs.org\/es\/2026\/04\/celebrating-outstanding-development-in-the-arts-festival\/\">Celebrating Outstanding Development in the Arts Festival<\/a><\/h3><div class=\"content\"><p>The 2nd Street Celebrating Outstanding Development in the Arts (CODA) Festival will take place on Wednesday, May 6 from 4:00 &#8211; 6:00 pm. Join our 2nd Street Arts Department for &hellip;<\/p>\n<\/div>\n    \n<\/div>","_links":{"self":[{"href":"https:\/\/latinpcs.org\/es\/wp-json\/wp\/v2\/posts\/27163","targetHints":{"allow":["GET"]}}],"collection":[{"href":"https:\/\/latinpcs.org\/es\/wp-json\/wp\/v2\/posts"}],"about":[{"href":"https:\/\/latinpcs.org\/es\/wp-json\/wp\/v2\/types\/post"}],"author":[{"embeddable":true,"href":"https:\/\/latinpcs.org\/es\/wp-json\/wp\/v2\/users\/4"}],"replies":[{"embeddable":true,"href":"https:\/\/latinpcs.org\/es\/wp-json\/wp\/v2\/comments?post=27163"}],"version-history":[{"count":0,"href":"https:\/\/latinpcs.org\/es\/wp-json\/wp\/v2\/posts\/27163\/revisions"}],"wp:featuredmedia":[{"embeddable":true,"href":"https:\/\/latinpcs.org\/es\/wp-json\/wp\/v2\/media\/27164"}],"wp:attachment":[{"href":"https:\/\/latinpcs.org\/es\/wp-json\/wp\/v2\/media?parent=27163"}],"wp:term":[{"taxonomy":"category","embeddable":true,"href":"https:\/\/latinpcs.org\/es\/wp-json\/wp\/v2\/categories?post=27163"},{"taxonomy":"campus","embeddable":true,"href":"https:\/\/latinpcs.org\/es\/wp-json\/wp\/v2\/campus?post=27163"},{"taxonomy":"post-category","embeddable":true,"href":"https:\/\/latinpcs.org\/es\/wp-json\/wp\/v2\/post-category?post=27163"}],"curies":[{"name":"gracias","href":"https:\/\/api.w.org\/{rel}","templated":true}]}}