{"id":25403,"date":"2026-08-06T20:11:21","date_gmt":"2026-08-06T20:11:21","guid":{"rendered":"https:\/\/latinpcs.org\/?p=25403"},"modified":"2026-09-03T22:04:38","modified_gmt":"2026-09-03T22:04:38","slug":"cooper-magis-registration-2","status":"publish","type":"post","link":"https:\/\/latinpcs.org\/es\/2026\/08\/cooper-magis-registration-2\/","title":{"rendered":"Registro de Cooper MAGIS"},"content":{"rendered":"<p  class=\"appear-on-scroll is-style-intro wp-block-paragraph\" >Anuncio: \u00a1Las inscripciones para la primera sesi\u00f3n de Cooper MAGIS se abrieron el viernes 28 de agosto! El programa comienza el martes 8 de septiembre de 2026. \u00a1Inscr\u00edbase a trav\u00e9s de MySchoolBucks!<\/p>\n\n<p class=\"appear-on-scroll wp-block-paragraph\">MAGIS significa &quot;m\u00e1s&quot; en lat\u00edn, y ese es el nombre de nuestro programa extracurricular para estudiantes de 5.\u00ba a 8.\u00ba grado. Consulte los detalles del programa y la inscripci\u00f3n para el ciclo escolar de primavera 2026-27.<\/p>\n\n<p class=\"appear-on-scroll wp-block-paragraph\">Pr\u00f3ximamente se publicar\u00e1 informaci\u00f3n sobre las sesiones que se ofrecer\u00e1n. <\/p>\n\n<h2  class=\"appear-on-scroll wp-block-heading\" ><span class=\"text\">Importante: \u00a1Recogida puntual!<\/span><\/h2>\n\n<p class=\"appear-on-scroll wp-block-paragraph\">Solicitamos un pago adicional a las familias que lleguen a recoger a sus hijos despu\u00e9s de las 18:00. Si bien entendemos que puede haber retrasos, tambi\u00e9n les pedimos que respeten el horario de nuestro personal. Cualquier recogida despu\u00e9s de las 18:05 tendr\u00e1 un cargo de $5 por minuto.<\/p>\n\n<div  class=\"appear-on-scroll wp-block-buttons is-layout-flex wp-block-buttons-is-layout-flex\" >\n<div class=\"wp-block-button\"><a class=\"wp-block-button__link wp-element-button\" href=\"https:\/\/latinpcs.org\/es\/resources\/2025\/08\/magis-latins-aftercare-program\/\"><span class=\"label\">Explicador de MAGIS<\/span><\/a><\/div>\n<\/div>\n\n<p class=\"appear-on-scroll wp-block-paragraph\"><strong>El programa es GRATUITO para las familias que califican para comidas gratuitas o reducidas.<\/strong> Por favor, complete el formulario de comidas para recibir este y otros beneficios en Latin! Los formularios se pueden entregar en la recepci\u00f3n.<\/p>\n\n<div  class=\"appear-on-scroll wp-block-buttons is-layout-flex wp-block-buttons-is-layout-flex\" >\n<div class=\"wp-block-button is-style-text\"><a class=\"wp-block-button__link wp-element-button\" href=\"https:\/\/latinpcs.org\/wp-content\/uploads\/2026\/07\/2026-27-FARM-Application-fillable-1.pdf\"><span class=\"label\">Formulario de comidas gratuitas y reducidas (ingl\u00e9s)<\/span><\/a><\/div>\n\n\n\n<div class=\"wp-block-button is-style-text\"><a class=\"wp-block-button__link wp-element-button\" href=\"https:\/\/latinpcs.org\/wp-content\/uploads\/2025\/08\/FARM-Application-Spanish-1.pdf\"><span class=\"label\">Formulario de comida gratis (en espa\u00f1ol)<\/span><\/a><\/div>\n<\/div>\n\n<h2  class=\"appear-on-scroll wp-block-heading\" ><span class=\"text\">Sesiones y costos<\/span><\/h2>\n\n<h3  class=\"appear-on-scroll wp-block-heading\" ><span class=\"text\">Sesi\u00f3n 1 \u2013 Del 8 de septiembre al 29 de octubre (9 semanas)<\/span><\/h3>\n\n<ul  class=\"appear-on-scroll wp-block-list\" >\n<li>Un d\u00eda \u2013 $160 Sesi\u00f3n 1<\/li>\n\n\n\n<li>Dos d\u00edas \u2013 $320 Sesi\u00f3n 1<\/li>\n\n\n\n<li>Tres d\u00edas \u2013 $480 Sesi\u00f3n 1<\/li>\n\n\n\n<li>Cuatro d\u00edas \u2013 $640 Sesi\u00f3n 1<\/li>\n<\/ul>\n\n<h3  class=\"appear-on-scroll wp-block-heading\" ><span class=\"text\">Sesi\u00f3n 2 \u2013 Del 2 de noviembre al 25 de febrero (14 semanas)<\/span><\/h3>\n\n<ul  class=\"appear-on-scroll wp-block-list\" >\n<li>Un d\u00eda \u2013 $280 Sesi\u00f3n 2<\/li>\n\n\n\n<li>Dos d\u00edas \u2013 $560 Sesi\u00f3n 2<\/li>\n\n\n\n<li>Tres d\u00edas \u2013 $840 Sesi\u00f3n 2<\/li>\n\n\n\n<li>Cuatro d\u00edas \u2013 $1120 Sesi\u00f3n 2<\/li>\n<\/ul>\n\n<h3  class=\"appear-on-scroll wp-block-heading\" ><span class=\"text\">Sesi\u00f3n 3 \u2013 1 de marzo \u2013 10 de junio (14 semanas)<\/span><\/h3>\n\n<ul  class=\"appear-on-scroll wp-block-list\" >\n<li>Un d\u00eda \u2013 $280 Sesi\u00f3n 3<\/li>\n\n\n\n<li>Dos d\u00edas \u2013 $560 Sesi\u00f3n 3<\/li>\n\n\n\n<li>Tres d\u00edas \u2013 $840 Sesi\u00f3n 3<\/li>\n\n\n\n<li>Cuatro d\u00edas \u2013 $1120 Sesi\u00f3n 3<\/li>\n<\/ul>\n\n<h3  class=\"appear-on-scroll wp-block-heading\" ><span class=\"text\">La tasa de ca\u00edda es $25.<\/span><\/h3>\n\n<h2  class=\"appear-on-scroll wp-block-heading\" ><span class=\"text\">Reg\u00edstrese y pague a trav\u00e9s de MySchoolBucks<\/span><\/h2>\n\n<p class=\"appear-on-scroll wp-block-paragraph\">Washington Latin utiliza MySchoolBucks para todos los gastos escolares (almuerzo, autob\u00fas, excursiones, etc.) <\/p>\n\n<div  class=\"appear-on-scroll wp-block-buttons is-layout-flex wp-block-buttons-is-layout-flex\" >\n<div class=\"wp-block-button is-style-text\"><a class=\"wp-block-button__link wp-element-button\" href=\"https:\/\/latinpcs.org\/es\/resources\/2025\/08\/myschoolbucks\/\"><span class=\"label\"><strong>Explicador: MySchoolBucks<\/strong><\/span><\/a><\/div>\n<\/div>\n\n<p class=\"appear-on-scroll wp-block-paragraph\">\u00a1Visite MySchoolBucks para inscribirse en la Sesi\u00f3n 1!<\/p>\n\n<div  class=\"appear-on-scroll wp-block-buttons is-layout-flex wp-block-buttons-is-layout-flex\" >\n<div class=\"wp-block-button\"><a class=\"wp-block-button__link wp-element-button\" href=\"https:\/\/www.myschoolbucks.com\/ver2\/getmain?requestAction=home\"><span class=\"label\">P\u00e1gina de inicio de sesi\u00f3n de MySchoolBucks<\/span><\/a><\/div>\n\n\n\n<div class=\"wp-block-button\"><a class=\"wp-block-button__link wp-element-button\" href=\"https:\/\/www.myschoolbucks.com\/ver2\/prdembd?ref=ZZ7PZB4P70ISVLA_ZZ63XY97TH4S3QR\"><span class=\"label\">MySchoolBucks Cooper MAGIS (enlace directo)<\/span><\/a><\/div>\n<\/div>","protected":false},"excerpt":{"rendered":"<p>Anuncio: \u00a1La inscripci\u00f3n para la primera sesi\u00f3n de Cooper MAGIS se abri\u00f3 el viernes 28 de agosto! El programa comienza el martes 8 de septiembre de 2026. \u00a1Inscr\u00edbete a trav\u00e9s de MySchoolBucks! MAGIS significa m\u00e1s\u2026<\/p>","protected":false},"author":4,"featured_media":0,"comment_status":"closed","ping_status":"closed","sticky":false,"template":"","format":"standard","meta":{"featured_image_background_position":"","footnotes":""},"categories":[30,35],"campus":[7],"post-category":[12],"class_list":["post-25403","post","type-post","status-publish","format-standard","hentry","category-daily-schedule-routines","category-extracurriculars-afterschool","campus-cooper","post-category-announcement"],"yoast_head":"<!-- This site is optimized with the Yoast SEO plugin v25.6 - https:\/\/yoast.com\/wordpress\/plugins\/seo\/ -->\n<title>Cooper MAGIS Registration - Washington Latin Public Charter Schools<\/title>\n<meta name=\"robots\" content=\"index, follow, max-snippet:-1, max-image-preview:large, max-video-preview:-1\" \/>\n<link rel=\"canonical\" href=\"https:\/\/latinpcs.org\/es\/2026\/08\/cooper-magis-registration-2\/\" \/>\n<meta property=\"og:locale\" content=\"es_MX\" \/>\n<meta property=\"og:type\" content=\"article\" \/>\n<meta property=\"og:title\" content=\"Cooper MAGIS Registration - Washington Latin Public Charter Schools\" \/>\n<meta property=\"og:description\" content=\"Announcement: Registration for the for the first session of Cooper MAGIS opened on Friday, August 28! The program starts on Tuesday, September 8, 2026. Register through MySchoolBucks! MAGIS means more &hellip;\" \/>\n<meta property=\"og:url\" content=\"https:\/\/latinpcs.org\/es\/2026\/08\/cooper-magis-registration-2\/\" \/>\n<meta property=\"og:site_name\" content=\"Washington Latin Public Charter Schools\" \/>\n<meta property=\"article:publisher\" content=\"https:\/\/www.facebook.com\/WashingtonLatinPCS\/\" \/>\n<meta property=\"article:published_time\" content=\"2026-08-06T20:11:21+00:00\" \/>\n<meta property=\"article:modified_time\" content=\"2026-09-03T22:04:38+00:00\" \/>\n<meta property=\"og:image\" content=\"https:\/\/latinpcs.org\/wp-content\/uploads\/2025\/07\/latin-default-social-image.jpg\" \/>\n\t<meta property=\"og:image:width\" content=\"2000\" \/>\n\t<meta property=\"og:image:height\" content=\"1333\" \/>\n\t<meta property=\"og:image:type\" content=\"image\/jpeg\" \/>\n<meta name=\"author\" content=\"Anaya Rodgers\" \/>\n<meta name=\"twitter:card\" content=\"summary_large_image\" \/>\n<meta name=\"twitter:label1\" content=\"Written by\" \/>\n\t<meta name=\"twitter:data1\" content=\"Anaya Rodgers\" \/>\n\t<meta name=\"twitter:label2\" content=\"Est. reading time\" \/>\n\t<meta name=\"twitter:data2\" content=\"2 minutos\" \/>\n<script type=\"application\/ld+json\" class=\"yoast-schema-graph\">{\"@context\":\"https:\/\/schema.org\",\"@graph\":[{\"@type\":\"Article\",\"@id\":\"https:\/\/latinpcs.org\/2026\/08\/cooper-magis-registration-2\/#article\",\"isPartOf\":{\"@id\":\"https:\/\/latinpcs.org\/2026\/08\/cooper-magis-registration-2\/\"},\"author\":{\"name\":\"Anaya Rodgers\",\"@id\":\"https:\/\/latinpcs.org\/#\/schema\/person\/4471fa7fd209f283fbd2c0c9fffbb5a5\"},\"headline\":\"Cooper MAGIS Registration\",\"datePublished\":\"2026-08-06T20:11:21+00:00\",\"dateModified\":\"2026-09-03T22:04:38+00:00\",\"mainEntityOfPage\":{\"@id\":\"https:\/\/latinpcs.org\/2026\/08\/cooper-magis-registration-2\/\"},\"wordCount\":265,\"publisher\":{\"@id\":\"https:\/\/latinpcs.org\/#organization\"},\"articleSection\":[\"Daily Schedule and Routines\",\"Extracurriculars\/Afterschool\"],\"inLanguage\":\"es\"},{\"@type\":\"WebPage\",\"@id\":\"https:\/\/latinpcs.org\/2026\/08\/cooper-magis-registration-2\/\",\"url\":\"https:\/\/latinpcs.org\/2026\/08\/cooper-magis-registration-2\/\",\"name\":\"Cooper MAGIS Registration - Washington Latin Public Charter Schools\",\"isPartOf\":{\"@id\":\"https:\/\/latinpcs.org\/#website\"},\"datePublished\":\"2026-08-06T20:11:21+00:00\",\"dateModified\":\"2026-09-03T22:04:38+00:00\",\"breadcrumb\":{\"@id\":\"https:\/\/latinpcs.org\/2026\/08\/cooper-magis-registration-2\/#breadcrumb\"},\"inLanguage\":\"es\",\"potentialAction\":[{\"@type\":\"ReadAction\",\"target\":[\"https:\/\/latinpcs.org\/2026\/08\/cooper-magis-registration-2\/\"]}]},{\"@type\":\"BreadcrumbList\",\"@id\":\"https:\/\/latinpcs.org\/2026\/08\/cooper-magis-registration-2\/#breadcrumb\",\"itemListElement\":[{\"@type\":\"ListItem\",\"position\":1,\"name\":\"Home\",\"item\":\"https:\/\/latinpcs.org\/\"},{\"@type\":\"ListItem\",\"position\":2,\"name\":\"Cooper MAGIS Registration\"}]},{\"@type\":\"WebSite\",\"@id\":\"https:\/\/latinpcs.org\/#website\",\"url\":\"https:\/\/latinpcs.org\/\",\"name\":\"Washington Latin Public Charter Schools\",\"description\":\"Washington Latin Public Charter Schools, based in Washington, DC, offers a classical education for the modern world for students in grades 5-12 across two campuses.\",\"publisher\":{\"@id\":\"https:\/\/latinpcs.org\/#organization\"},\"potentialAction\":[{\"@type\":\"SearchAction\",\"target\":{\"@type\":\"EntryPoint\",\"urlTemplate\":\"https:\/\/latinpcs.org\/?s={search_term_string}\"},\"query-input\":{\"@type\":\"PropertyValueSpecification\",\"valueRequired\":true,\"valueName\":\"search_term_string\"}}],\"inLanguage\":\"es\"},{\"@type\":\"Organization\",\"@id\":\"https:\/\/latinpcs.org\/#organization\",\"name\":\"Washington Latin Public Charter Schools\",\"url\":\"https:\/\/latinpcs.org\/\",\"logo\":{\"@type\":\"ImageObject\",\"inLanguage\":\"es\",\"@id\":\"https:\/\/latinpcs.org\/#\/schema\/logo\/image\/\",\"url\":\"https:\/\/latinpcs.org\/wp-content\/uploads\/2025\/07\/Latin_logo_nknm_4c.svg\",\"contentUrl\":\"https:\/\/latinpcs.org\/wp-content\/uploads\/2025\/07\/Latin_logo_nknm_4c.svg\",\"width\":1,\"height\":1,\"caption\":\"Washington Latin Public Charter Schools\"},\"image\":{\"@id\":\"https:\/\/latinpcs.org\/#\/schema\/logo\/image\/\"},\"sameAs\":[\"https:\/\/www.facebook.com\/WashingtonLatinPCS\/\",\"https:\/\/www.instagram.com\/washingtonlatinpcs\/?hl=en\",\"https:\/\/www.linkedin.com\/school\/washington-latin-public-charter-schools\/\"]},{\"@type\":\"Person\",\"@id\":\"https:\/\/latinpcs.org\/#\/schema\/person\/4471fa7fd209f283fbd2c0c9fffbb5a5\",\"name\":\"Anaya Rodgers\",\"image\":{\"@type\":\"ImageObject\",\"inLanguage\":\"es\",\"@id\":\"https:\/\/latinpcs.org\/#\/schema\/person\/image\/\",\"url\":\"https:\/\/secure.gravatar.com\/avatar\/f39d71c19ed8e38dbfec588b017007383f137b77040bcc02cac06c6f62fb7fe9?s=96&d=mm&r=g\",\"contentUrl\":\"https:\/\/secure.gravatar.com\/avatar\/f39d71c19ed8e38dbfec588b017007383f137b77040bcc02cac06c6f62fb7fe9?s=96&d=mm&r=g\",\"caption\":\"Anaya Rodgers\"},\"url\":\"https:\/\/latinpcs.org\/es\/author\/arodgers\/\"}]}<\/script>\n<!-- \/ Yoast SEO plugin. -->","yoast_head_json":{"title":"Registro Cooper MAGIS - Washington Latin Public Charter Schools","robots":{"index":"index","follow":"follow","max-snippet":"max-snippet:-1","max-image-preview":"max-image-preview:large","max-video-preview":"max-video-preview:-1"},"canonical":"https:\/\/latinpcs.org\/es\/2026\/08\/cooper-magis-registration-2\/","og_locale":"es_MX","og_type":"article","og_title":"Cooper MAGIS Registration - Washington Latin Public Charter Schools","og_description":"Announcement: Registration for the for the first session of Cooper MAGIS opened on Friday, August 28! The program starts on Tuesday, September 8, 2026. Register through MySchoolBucks! MAGIS means more &hellip;","og_url":"https:\/\/latinpcs.org\/es\/2026\/08\/cooper-magis-registration-2\/","og_site_name":"Washington Latin Public Charter Schools","article_publisher":"https:\/\/www.facebook.com\/WashingtonLatinPCS\/","article_published_time":"2026-08-06T20:11:21+00:00","article_modified_time":"2026-09-03T22:04:38+00:00","og_image":[{"width":2000,"height":1333,"url":"https:\/\/latinpcs.org\/wp-content\/uploads\/2025\/07\/latin-default-social-image.jpg","type":"image\/jpeg"}],"author":"Anaya Rodgers","twitter_card":"summary_large_image","twitter_misc":{"Written by":"Anaya Rodgers","Est. reading time":"2 minutos"},"schema":{"@context":"https:\/\/schema.org","@graph":[{"@type":"Article","@id":"https:\/\/latinpcs.org\/2026\/08\/cooper-magis-registration-2\/#article","isPartOf":{"@id":"https:\/\/latinpcs.org\/2026\/08\/cooper-magis-registration-2\/"},"author":{"name":"Anaya Rodgers","@id":"https:\/\/latinpcs.org\/#\/schema\/person\/4471fa7fd209f283fbd2c0c9fffbb5a5"},"headline":"Cooper MAGIS Registration","datePublished":"2026-08-06T20:11:21+00:00","dateModified":"2026-09-03T22:04:38+00:00","mainEntityOfPage":{"@id":"https:\/\/latinpcs.org\/2026\/08\/cooper-magis-registration-2\/"},"wordCount":265,"publisher":{"@id":"https:\/\/latinpcs.org\/#organization"},"articleSection":["Daily Schedule and Routines","Extracurriculars\/Afterschool"],"inLanguage":"es"},{"@type":"WebPage","@id":"https:\/\/latinpcs.org\/2026\/08\/cooper-magis-registration-2\/","url":"https:\/\/latinpcs.org\/2026\/08\/cooper-magis-registration-2\/","name":"Registro Cooper MAGIS - Washington Latin Public Charter Schools","isPartOf":{"@id":"https:\/\/latinpcs.org\/#website"},"datePublished":"2026-08-06T20:11:21+00:00","dateModified":"2026-09-03T22:04:38+00:00","breadcrumb":{"@id":"https:\/\/latinpcs.org\/2026\/08\/cooper-magis-registration-2\/#breadcrumb"},"inLanguage":"es","potentialAction":[{"@type":"ReadAction","target":["https:\/\/latinpcs.org\/2026\/08\/cooper-magis-registration-2\/"]}]},{"@type":"BreadcrumbList","@id":"https:\/\/latinpcs.org\/2026\/08\/cooper-magis-registration-2\/#breadcrumb","itemListElement":[{"@type":"ListItem","position":1,"name":"Home","item":"https:\/\/latinpcs.org\/"},{"@type":"ListItem","position":2,"name":"Cooper MAGIS Registration"}]},{"@type":"WebSite","@id":"https:\/\/latinpcs.org\/#website","url":"https:\/\/latinpcs.org\/","name":"Escuelas p\u00fablicas ch\u00e1rter latinas de Washington","description":"Washington Latin Public Charter Schools, con sede en Washington, DC, ofrece una educaci\u00f3n cl\u00e1sica para el mundo moderno para estudiantes de 5.\u00ba a 12.\u00ba grado en dos campus.","publisher":{"@id":"https:\/\/latinpcs.org\/#organization"},"potentialAction":[{"@type":"SearchAction","target":{"@type":"EntryPoint","urlTemplate":"https:\/\/latinpcs.org\/?s={search_term_string}"},"query-input":{"@type":"PropertyValueSpecification","valueRequired":true,"valueName":"search_term_string"}}],"inLanguage":"es"},{"@type":"Organization","@id":"https:\/\/latinpcs.org\/#organization","name":"Escuelas p\u00fablicas ch\u00e1rter latinas de Washington","url":"https:\/\/latinpcs.org\/","logo":{"@type":"ImageObject","inLanguage":"es","@id":"https:\/\/latinpcs.org\/#\/schema\/logo\/image\/","url":"https:\/\/latinpcs.org\/wp-content\/uploads\/2025\/07\/Latin_logo_nknm_4c.svg","contentUrl":"https:\/\/latinpcs.org\/wp-content\/uploads\/2025\/07\/Latin_logo_nknm_4c.svg","width":1,"height":1,"caption":"Washington Latin Public Charter Schools"},"image":{"@id":"https:\/\/latinpcs.org\/#\/schema\/logo\/image\/"},"sameAs":["https:\/\/www.facebook.com\/WashingtonLatinPCS\/","https:\/\/www.instagram.com\/washingtonlatinpcs\/?hl=en","https:\/\/www.linkedin.com\/school\/washington-latin-public-charter-schools\/"]},{"@type":"Person","@id":"https:\/\/latinpcs.org\/#\/schema\/person\/4471fa7fd209f283fbd2c0c9fffbb5a5","name":"Anaya Rodgers","image":{"@type":"ImageObject","inLanguage":"es","@id":"https:\/\/latinpcs.org\/#\/schema\/person\/image\/","url":"https:\/\/secure.gravatar.com\/avatar\/f39d71c19ed8e38dbfec588b017007383f137b77040bcc02cac06c6f62fb7fe9?s=96&d=mm&r=g","contentUrl":"https:\/\/secure.gravatar.com\/avatar\/f39d71c19ed8e38dbfec588b017007383f137b77040bcc02cac06c6f62fb7fe9?s=96&d=mm&r=g","caption":"Anaya Rodgers"},"url":"https:\/\/latinpcs.org\/es\/author\/arodgers\/"}]}},"rendered-html":"<div class=\"default appear-on-scroll post-25403 post type-post status-publish format-standard hentry category-daily-schedule-routines category-extracurriculars-afterschool campus-cooper post-category-announcement\" style=\"\">\n    \n\n        <a href=\"https:\/\/latinpcs.org\/es\/2026\/08\/cooper-magis-registration-2\/\" class=\"thumbnail\" aria-labelledby=\"p25403-title\" style=\"\"><\/a><h3 class=\"title heading h4\"><a href=\"https:\/\/latinpcs.org\/es\/2026\/08\/cooper-magis-registration-2\/\">Cooper MAGIS Registration<\/a><\/h3><div class=\"content\"><p>Announcement: Registration for the for the first session of Cooper MAGIS opened on Friday, August 28! The program starts on Tuesday, September 8, 2026. Register through MySchoolBucks! MAGIS means more &hellip;<\/p>\n<\/div>\n    \n<\/div>","_links":{"self":[{"href":"https:\/\/latinpcs.org\/es\/wp-json\/wp\/v2\/posts\/25403","targetHints":{"allow":["GET"]}}],"collection":[{"href":"https:\/\/latinpcs.org\/es\/wp-json\/wp\/v2\/posts"}],"about":[{"href":"https:\/\/latinpcs.org\/es\/wp-json\/wp\/v2\/types\/post"}],"author":[{"embeddable":true,"href":"https:\/\/latinpcs.org\/es\/wp-json\/wp\/v2\/users\/4"}],"replies":[{"embeddable":true,"href":"https:\/\/latinpcs.org\/es\/wp-json\/wp\/v2\/comments?post=25403"}],"version-history":[{"count":0,"href":"https:\/\/latinpcs.org\/es\/wp-json\/wp\/v2\/posts\/25403\/revisions"}],"wp:attachment":[{"href":"https:\/\/latinpcs.org\/es\/wp-json\/wp\/v2\/media?parent=25403"}],"wp:term":[{"taxonomy":"category","embeddable":true,"href":"https:\/\/latinpcs.org\/es\/wp-json\/wp\/v2\/categories?post=25403"},{"taxonomy":"campus","embeddable":true,"href":"https:\/\/latinpcs.org\/es\/wp-json\/wp\/v2\/campus?post=25403"},{"taxonomy":"post-category","embeddable":true,"href":"https:\/\/latinpcs.org\/es\/wp-json\/wp\/v2\/post-category?post=25403"}],"curies":[{"name":"gracias","href":"https:\/\/api.w.org\/{rel}","templated":true}]}}