{"id":25329,"date":"2026-02-19T16:15:46","date_gmt":"2026-02-19T16:15:46","guid":{"rendered":"https:\/\/latinpcs.org\/?p=25329"},"modified":"2026-02-20T14:55:46","modified_gmt":"2026-02-20T14:55:46","slug":"2nd-st-magis-afterschool-registration","status":"publish","type":"post","link":"https:\/\/latinpcs.org\/es\/2026\/02\/2nd-st-magis-afterschool-registration\/","title":{"rendered":"Inscripci\u00f3n para actividades extraescolares de MAGIS en la 2.\u00aa calle"},"content":{"rendered":"<p  class=\"appear-on-scroll is-style-intro\" >La tercera sesi\u00f3n de MAGIS comienza el lunes 2 de marzo en la Calle 2. \u00a1Inf\u00f3rmate sobre el programa y luego inscr\u00edbete a trav\u00e9s de MySchoolBucks!<\/p>\n\n<p class=\"appear-on-scroll\">MAGIS significa &quot;m\u00e1s&quot; en lat\u00edn, y ese es el nombre de nuestro programa extraescolar para estudiantes de 5.\u00ba a 8.\u00ba grado. Consulte los detalles del programa y la inscripci\u00f3n para el curso de primavera 2025-26. El programa en 2nd Street ofrece juegos y tiempo para hacer tareas. Los padres pueden recoger a sus hijos antes de las 18:00 h.<\/p>\n\n<h2  class=\"appear-on-scroll wp-block-heading\" ><span class=\"text\">Importante: \u00a1Recogida puntual!<\/span><\/h2>\n\n<p class=\"appear-on-scroll\">Solicitamos un pago adicional a las familias que lleguen a recoger a sus hijos despu\u00e9s de las 18:00. Si bien entendemos que puede haber retrasos, tambi\u00e9n les pedimos que respeten el horario de nuestro personal. Cualquier recogida despu\u00e9s de las 18:05 tendr\u00e1 un cargo de $5 por minuto.<\/p>\n\n<div  class=\"appear-on-scroll wp-block-buttons is-layout-flex wp-block-buttons-is-layout-flex\" >\n<div class=\"wp-block-button\"><a class=\"wp-block-button__link wp-element-button\" href=\"https:\/\/latinpcs.org\/es\/resources\/2025\/08\/magis-latins-aftercare-program\/\"><span class=\"label\">Explicador de MAGIS.<\/span><\/a><\/div>\n<\/div>\n\n<p class=\"appear-on-scroll\"><strong>El programa es GRATUITO para las familias que califican para comidas gratuitas o reducidas.<\/strong> Por favor, complete el formulario de comidas para recibir este y otros beneficios en Latin! Los formularios se pueden entregar en la recepci\u00f3n.<\/p>\n\n<div  class=\"appear-on-scroll wp-block-buttons is-layout-flex wp-block-buttons-is-layout-flex\" >\n<div class=\"wp-block-button is-style-text\"><a class=\"wp-block-button__link wp-element-button\" href=\"https:\/\/latinpcs.org\/wp-content\/uploads\/2025\/08\/2025-26-FARM-Application-fillable-1-1.pdf\"><span class=\"label\">Formulario de comidas gratuitas y reducidas (ingl\u00e9s)<\/span><\/a><\/div>\n\n\n\n<div class=\"wp-block-button is-style-text\"><a class=\"wp-block-button__link wp-element-button\" href=\"https:\/\/latinpcs.org\/wp-content\/uploads\/2025\/08\/FARM-Application-Spanish-1.pdf\"><span class=\"label\">Formulario de comida gratis (en espa\u00f1ol)<\/span><\/a><\/div>\n<\/div>\n\n<h2  class=\"appear-on-scroll wp-block-heading\" ><span class=\"text\">Sesiones y costos<\/span><\/h2>\n\n<h3  class=\"appear-on-scroll wp-block-heading\" ><span class=\"text\">Sesi\u00f3n 1 \u2013 2 de septiembre \u2013 30 de octubre (9 semanas)<\/span><\/h3>\n\n<ul  class=\"appear-on-scroll wp-block-list\" >\n<li>Un d\u00eda \u2013 $180 Sesi\u00f3n 1<\/li>\n\n\n\n<li>Dos d\u00edas \u2013 Sesi\u00f3n 1 de $360<\/li>\n\n\n\n<li>Tres d\u00edas \u2013 $540 Sesi\u00f3n 1<\/li>\n\n\n\n<li>Cuatro d\u00edas \u2013 $680 Sesi\u00f3n 1<\/li>\n<\/ul>\n\n<h3  class=\"appear-on-scroll wp-block-heading\" ><span class=\"text\">Sesi\u00f3n 2 \u2013 3 de noviembre \u2013 27 de febrero (14 semanas)<\/span><\/h3>\n\n<ul  class=\"appear-on-scroll wp-block-list\" >\n<li>Un d\u00eda \u2013 $280 Sesi\u00f3n 2<\/li>\n\n\n\n<li>Dos d\u00edas \u2013 $560 Sesi\u00f3n 2<\/li>\n\n\n\n<li>Tres d\u00edas \u2013 $840 Sesi\u00f3n 2<\/li>\n\n\n\n<li>Cuatro d\u00edas \u2013 $1080 Sesi\u00f3n 2<\/li>\n<\/ul>\n\n<h3  class=\"appear-on-scroll wp-block-heading\" ><span class=\"text\"><strong>Sesi\u00f3n 3 \u2013 2 de marzo \u2013 11 de junio (14 semanas)<\/strong><\/span><\/h3>\n\n<ul  class=\"appear-on-scroll wp-block-list\" >\n<li>Un d\u00eda \u2013 $280 Sesi\u00f3n 3<\/li>\n\n\n\n<li>Dos d\u00edas \u2013 $560 Sesi\u00f3n 3<\/li>\n\n\n\n<li>Tres d\u00edas \u2013 $840 Sesi\u00f3n 3<\/li>\n\n\n\n<li>Cuatro d\u00edas \u2013 $1080 Sesi\u00f3n 3<\/li>\n<\/ul>\n\n<h3  class=\"appear-on-scroll wp-block-heading\" ><span class=\"text\">La tasa de ca\u00edda es $25.<\/span><\/h3>\n\n<h2  class=\"appear-on-scroll wp-block-heading\" ><span class=\"text\">Reg\u00edstrese y pague a trav\u00e9s de MySchoolBucks<\/span><\/h2>\n\n<p class=\"appear-on-scroll\">Washington Latin utiliza MySchoolBucks para todos los gastos escolares (almuerzo, autob\u00fas, excursiones, etc.) <\/p>\n\n<div  class=\"appear-on-scroll wp-block-buttons is-layout-flex wp-block-buttons-is-layout-flex\" >\n<div class=\"wp-block-button is-style-text\"><a class=\"wp-block-button__link wp-element-button\" href=\"https:\/\/latinpcs.org\/es\/resources\/2025\/08\/myschoolbucks\/\"><span class=\"label\"><strong>Explicador: MySchoolBucks<\/strong><\/span><\/a><\/div>\n<\/div>\n\n<p class=\"appear-on-scroll\">\u00a1Ya est\u00e1 publicada la informaci\u00f3n sobre la sesi\u00f3n tres! Visita MySchoolBucks para inscribirte en la sesi\u00f3n 1.<\/p>\n\n<div  class=\"appear-on-scroll wp-block-buttons is-layout-flex wp-block-buttons-is-layout-flex\" >\n<div class=\"wp-block-button\"><a class=\"wp-block-button__link wp-element-button\" href=\"https:\/\/www.myschoolbucks.com\/ver2\/getmain?requestAction=home\"><span class=\"label\">P\u00e1gina de inicio de sesi\u00f3n de MySchoolBucks<\/span><\/a><\/div>\n\n\n\n<div class=\"wp-block-button\"><a class=\"wp-block-button__link wp-element-button\" href=\"https:\/\/www.myschoolbucks.com\/ver2\/prdembd?ref=ZZ7PZB4P70ISVLA_ZZ63YBQJWK5JA1B\"><span class=\"label\">MySchoolBucks 2nd St MAGIS (enlace directo)<\/span><\/a><\/div>\n<\/div>\n\n<p class=\"appear-on-scroll\">\u00bfTiene preguntas sobre MAGIS? Env\u00edenos un correo electr\u00f3nico a 2ndstmagis@latinpcs.org. Los responsables de la atenci\u00f3n son la Sra. Ables y el Sr. Minder.<\/p>\n\n<div  class=\"appear-on-scroll wp-block-buttons is-layout-flex wp-block-buttons-is-layout-flex\" >\n<div class=\"wp-block-button is-style-text\"><a class=\"wp-block-button__link wp-element-button\" href=\"mailto:2ndstmagis@latinpcs.org\"><span class=\"label\"><strong>Env\u00ede un correo electr\u00f3nico al equipo de MAGIS<\/strong><\/span><\/a><\/div>\n<\/div>","protected":false},"excerpt":{"rendered":"<p>La tercera sesi\u00f3n de MAGIS comienza el lunes 2 de marzo en la Calle 2. \u00a1Inf\u00f3rmate sobre el programa y luego inscr\u00edbete a trav\u00e9s de MySchoolBucks! MAGIS significa m\u00e1s en lat\u00edn, y eso\u2026<\/p>","protected":false},"author":3,"featured_media":24950,"comment_status":"closed","ping_status":"closed","sticky":false,"template":"","format":"standard","meta":{"featured_image_background_position":"","footnotes":""},"categories":[32,30],"campus":[6],"post-category":[12],"class_list":["post-25329","post","type-post","status-publish","format-standard","has-post-thumbnail","hentry","category-back-to-school","category-daily-schedule-routines","campus-2nd-street","post-category-announcement"],"yoast_head":"<!-- This site is optimized with the Yoast SEO plugin v25.6 - https:\/\/yoast.com\/wordpress\/plugins\/seo\/ -->\n<title>2nd St. MAGIS afterschool registration - Washington Latin Public Charter Schools<\/title>\n<meta name=\"robots\" content=\"index, follow, max-snippet:-1, max-image-preview:large, max-video-preview:-1\" \/>\n<link rel=\"canonical\" href=\"https:\/\/latinpcs.org\/es\/2026\/02\/2nd-st-magis-afterschool-registration\/\" \/>\n<meta property=\"og:locale\" content=\"es_MX\" \/>\n<meta property=\"og:type\" content=\"article\" \/>\n<meta property=\"og:title\" content=\"2nd St. MAGIS afterschool registration - Washington Latin Public Charter Schools\" \/>\n<meta property=\"og:description\" content=\"The third session of MAGIS will begin on Monday, March 2 at 2nd Street. Read about the program and then register through MySchoolBucks! MAGIS means more in Latin, and that &hellip;\" \/>\n<meta property=\"og:url\" content=\"https:\/\/latinpcs.org\/es\/2026\/02\/2nd-st-magis-afterschool-registration\/\" \/>\n<meta property=\"og:site_name\" content=\"Washington Latin Public Charter Schools\" \/>\n<meta property=\"article:publisher\" content=\"https:\/\/www.facebook.com\/WashingtonLatinPCS\/\" \/>\n<meta property=\"article:published_time\" content=\"2026-02-19T16:15:46+00:00\" \/>\n<meta property=\"article:modified_time\" content=\"2026-02-20T14:55:46+00:00\" \/>\n<meta property=\"og:image\" content=\"https:\/\/latinpcs.org\/wp-content\/uploads\/2025\/08\/Campus-2nd-Recess-5th-boys-2023-resized.jpg\" \/>\n\t<meta property=\"og:image:width\" content=\"2000\" \/>\n\t<meta property=\"og:image:height\" content=\"1500\" \/>\n\t<meta property=\"og:image:type\" content=\"image\/jpeg\" \/>\n<meta name=\"author\" content=\"Kate Cromwell\" \/>\n<meta name=\"twitter:card\" content=\"summary_large_image\" \/>\n<meta name=\"twitter:label1\" content=\"Written by\" \/>\n\t<meta name=\"twitter:data1\" content=\"Kate Cromwell\" \/>\n\t<meta name=\"twitter:label2\" content=\"Est. reading time\" \/>\n\t<meta name=\"twitter:data2\" content=\"2 minutos\" \/>\n<script type=\"application\/ld+json\" class=\"yoast-schema-graph\">{\"@context\":\"https:\/\/schema.org\",\"@graph\":[{\"@type\":\"Article\",\"@id\":\"https:\/\/latinpcs.org\/2026\/02\/2nd-st-magis-afterschool-registration\/#article\",\"isPartOf\":{\"@id\":\"https:\/\/latinpcs.org\/2026\/02\/2nd-st-magis-afterschool-registration\/\"},\"author\":{\"name\":\"Kate Cromwell\",\"@id\":\"https:\/\/latinpcs.org\/#\/schema\/person\/3aa16d807028c4e5e65784a090c50b7c\"},\"headline\":\"2nd St. MAGIS afterschool registration\",\"datePublished\":\"2026-02-19T16:15:46+00:00\",\"dateModified\":\"2026-02-20T14:55:46+00:00\",\"mainEntityOfPage\":{\"@id\":\"https:\/\/latinpcs.org\/2026\/02\/2nd-st-magis-afterschool-registration\/\"},\"wordCount\":304,\"publisher\":{\"@id\":\"https:\/\/latinpcs.org\/#organization\"},\"image\":{\"@id\":\"https:\/\/latinpcs.org\/2026\/02\/2nd-st-magis-afterschool-registration\/#primaryimage\"},\"thumbnailUrl\":\"https:\/\/latinpcs.org\/wp-content\/uploads\/2025\/08\/Campus-2nd-Recess-5th-boys-2023-resized.jpg\",\"articleSection\":[\"Back to School\",\"Daily Schedule and Routines\"],\"inLanguage\":\"es\"},{\"@type\":\"WebPage\",\"@id\":\"https:\/\/latinpcs.org\/2026\/02\/2nd-st-magis-afterschool-registration\/\",\"url\":\"https:\/\/latinpcs.org\/2026\/02\/2nd-st-magis-afterschool-registration\/\",\"name\":\"2nd St. MAGIS afterschool registration - Washington Latin Public Charter Schools\",\"isPartOf\":{\"@id\":\"https:\/\/latinpcs.org\/#website\"},\"primaryImageOfPage\":{\"@id\":\"https:\/\/latinpcs.org\/2026\/02\/2nd-st-magis-afterschool-registration\/#primaryimage\"},\"image\":{\"@id\":\"https:\/\/latinpcs.org\/2026\/02\/2nd-st-magis-afterschool-registration\/#primaryimage\"},\"thumbnailUrl\":\"https:\/\/latinpcs.org\/wp-content\/uploads\/2025\/08\/Campus-2nd-Recess-5th-boys-2023-resized.jpg\",\"datePublished\":\"2026-02-19T16:15:46+00:00\",\"dateModified\":\"2026-02-20T14:55:46+00:00\",\"breadcrumb\":{\"@id\":\"https:\/\/latinpcs.org\/2026\/02\/2nd-st-magis-afterschool-registration\/#breadcrumb\"},\"inLanguage\":\"es\",\"potentialAction\":[{\"@type\":\"ReadAction\",\"target\":[\"https:\/\/latinpcs.org\/2026\/02\/2nd-st-magis-afterschool-registration\/\"]}]},{\"@type\":\"ImageObject\",\"inLanguage\":\"es\",\"@id\":\"https:\/\/latinpcs.org\/2026\/02\/2nd-st-magis-afterschool-registration\/#primaryimage\",\"url\":\"https:\/\/latinpcs.org\/wp-content\/uploads\/2025\/08\/Campus-2nd-Recess-5th-boys-2023-resized.jpg\",\"contentUrl\":\"https:\/\/latinpcs.org\/wp-content\/uploads\/2025\/08\/Campus-2nd-Recess-5th-boys-2023-resized.jpg\",\"width\":2000,\"height\":1500},{\"@type\":\"BreadcrumbList\",\"@id\":\"https:\/\/latinpcs.org\/2026\/02\/2nd-st-magis-afterschool-registration\/#breadcrumb\",\"itemListElement\":[{\"@type\":\"ListItem\",\"position\":1,\"name\":\"Home\",\"item\":\"https:\/\/latinpcs.org\/\"},{\"@type\":\"ListItem\",\"position\":2,\"name\":\"2nd St. MAGIS afterschool registration\"}]},{\"@type\":\"WebSite\",\"@id\":\"https:\/\/latinpcs.org\/#website\",\"url\":\"https:\/\/latinpcs.org\/\",\"name\":\"Washington Latin Public Charter Schools\",\"description\":\"Washington Latin Public Charter Schools, based in Washington, DC, offers a classical education for the modern world for students in grades 5-12 across two campuses.\",\"publisher\":{\"@id\":\"https:\/\/latinpcs.org\/#organization\"},\"potentialAction\":[{\"@type\":\"SearchAction\",\"target\":{\"@type\":\"EntryPoint\",\"urlTemplate\":\"https:\/\/latinpcs.org\/?s={search_term_string}\"},\"query-input\":{\"@type\":\"PropertyValueSpecification\",\"valueRequired\":true,\"valueName\":\"search_term_string\"}}],\"inLanguage\":\"es\"},{\"@type\":\"Organization\",\"@id\":\"https:\/\/latinpcs.org\/#organization\",\"name\":\"Washington Latin Public Charter Schools\",\"url\":\"https:\/\/latinpcs.org\/\",\"logo\":{\"@type\":\"ImageObject\",\"inLanguage\":\"es\",\"@id\":\"https:\/\/latinpcs.org\/#\/schema\/logo\/image\/\",\"url\":\"https:\/\/latinpcs.org\/wp-content\/uploads\/2025\/07\/Latin_logo_nknm_4c.svg\",\"contentUrl\":\"https:\/\/latinpcs.org\/wp-content\/uploads\/2025\/07\/Latin_logo_nknm_4c.svg\",\"width\":1,\"height\":1,\"caption\":\"Washington Latin Public Charter Schools\"},\"image\":{\"@id\":\"https:\/\/latinpcs.org\/#\/schema\/logo\/image\/\"},\"sameAs\":[\"https:\/\/www.facebook.com\/WashingtonLatinPCS\/\",\"https:\/\/www.instagram.com\/washingtonlatinpcs\/?hl=en\",\"https:\/\/www.linkedin.com\/school\/washington-latin-public-charter-schools\/\"]},{\"@type\":\"Person\",\"@id\":\"https:\/\/latinpcs.org\/#\/schema\/person\/3aa16d807028c4e5e65784a090c50b7c\",\"name\":\"Kate Cromwell\",\"image\":{\"@type\":\"ImageObject\",\"inLanguage\":\"es\",\"@id\":\"https:\/\/latinpcs.org\/#\/schema\/person\/image\/\",\"url\":\"https:\/\/secure.gravatar.com\/avatar\/32e491910c66b5f2ef78fc417afb92cd9cb1978e08ad68f8f243b46a1a6c2016?s=96&d=mm&r=g\",\"contentUrl\":\"https:\/\/secure.gravatar.com\/avatar\/32e491910c66b5f2ef78fc417afb92cd9cb1978e08ad68f8f243b46a1a6c2016?s=96&d=mm&r=g\",\"caption\":\"Kate Cromwell\"},\"url\":\"https:\/\/latinpcs.org\/es\/author\/kcromwell\/\"}]}<\/script>\n<!-- \/ Yoast SEO plugin. -->","yoast_head_json":{"title":"Registro extraescolar de 2nd St. MAGIS - Washington Latin Public Charter Schools","robots":{"index":"index","follow":"follow","max-snippet":"max-snippet:-1","max-image-preview":"max-image-preview:large","max-video-preview":"max-video-preview:-1"},"canonical":"https:\/\/latinpcs.org\/es\/2026\/02\/2nd-st-magis-afterschool-registration\/","og_locale":"es_MX","og_type":"article","og_title":"2nd St. MAGIS afterschool registration - Washington Latin Public Charter Schools","og_description":"The third session of MAGIS will begin on Monday, March 2 at 2nd Street. Read about the program and then register through MySchoolBucks! MAGIS means more in Latin, and that &hellip;","og_url":"https:\/\/latinpcs.org\/es\/2026\/02\/2nd-st-magis-afterschool-registration\/","og_site_name":"Washington Latin Public Charter Schools","article_publisher":"https:\/\/www.facebook.com\/WashingtonLatinPCS\/","article_published_time":"2026-02-19T16:15:46+00:00","article_modified_time":"2026-02-20T14:55:46+00:00","og_image":[{"width":2000,"height":1500,"url":"https:\/\/latinpcs.org\/wp-content\/uploads\/2025\/08\/Campus-2nd-Recess-5th-boys-2023-resized.jpg","type":"image\/jpeg"}],"author":"Kate Cromwell","twitter_card":"summary_large_image","twitter_misc":{"Written by":"Kate Cromwell","Est. reading time":"2 minutos"},"schema":{"@context":"https:\/\/schema.org","@graph":[{"@type":"Article","@id":"https:\/\/latinpcs.org\/2026\/02\/2nd-st-magis-afterschool-registration\/#article","isPartOf":{"@id":"https:\/\/latinpcs.org\/2026\/02\/2nd-st-magis-afterschool-registration\/"},"author":{"name":"Kate Cromwell","@id":"https:\/\/latinpcs.org\/#\/schema\/person\/3aa16d807028c4e5e65784a090c50b7c"},"headline":"2nd St. MAGIS afterschool registration","datePublished":"2026-02-19T16:15:46+00:00","dateModified":"2026-02-20T14:55:46+00:00","mainEntityOfPage":{"@id":"https:\/\/latinpcs.org\/2026\/02\/2nd-st-magis-afterschool-registration\/"},"wordCount":304,"publisher":{"@id":"https:\/\/latinpcs.org\/#organization"},"image":{"@id":"https:\/\/latinpcs.org\/2026\/02\/2nd-st-magis-afterschool-registration\/#primaryimage"},"thumbnailUrl":"https:\/\/latinpcs.org\/wp-content\/uploads\/2025\/08\/Campus-2nd-Recess-5th-boys-2023-resized.jpg","articleSection":["Back to School","Daily Schedule and Routines"],"inLanguage":"es"},{"@type":"WebPage","@id":"https:\/\/latinpcs.org\/2026\/02\/2nd-st-magis-afterschool-registration\/","url":"https:\/\/latinpcs.org\/2026\/02\/2nd-st-magis-afterschool-registration\/","name":"Registro extraescolar de 2nd St. MAGIS - Washington Latin Public Charter Schools","isPartOf":{"@id":"https:\/\/latinpcs.org\/#website"},"primaryImageOfPage":{"@id":"https:\/\/latinpcs.org\/2026\/02\/2nd-st-magis-afterschool-registration\/#primaryimage"},"image":{"@id":"https:\/\/latinpcs.org\/2026\/02\/2nd-st-magis-afterschool-registration\/#primaryimage"},"thumbnailUrl":"https:\/\/latinpcs.org\/wp-content\/uploads\/2025\/08\/Campus-2nd-Recess-5th-boys-2023-resized.jpg","datePublished":"2026-02-19T16:15:46+00:00","dateModified":"2026-02-20T14:55:46+00:00","breadcrumb":{"@id":"https:\/\/latinpcs.org\/2026\/02\/2nd-st-magis-afterschool-registration\/#breadcrumb"},"inLanguage":"es","potentialAction":[{"@type":"ReadAction","target":["https:\/\/latinpcs.org\/2026\/02\/2nd-st-magis-afterschool-registration\/"]}]},{"@type":"ImageObject","inLanguage":"es","@id":"https:\/\/latinpcs.org\/2026\/02\/2nd-st-magis-afterschool-registration\/#primaryimage","url":"https:\/\/latinpcs.org\/wp-content\/uploads\/2025\/08\/Campus-2nd-Recess-5th-boys-2023-resized.jpg","contentUrl":"https:\/\/latinpcs.org\/wp-content\/uploads\/2025\/08\/Campus-2nd-Recess-5th-boys-2023-resized.jpg","width":2000,"height":1500},{"@type":"BreadcrumbList","@id":"https:\/\/latinpcs.org\/2026\/02\/2nd-st-magis-afterschool-registration\/#breadcrumb","itemListElement":[{"@type":"ListItem","position":1,"name":"Home","item":"https:\/\/latinpcs.org\/"},{"@type":"ListItem","position":2,"name":"2nd St. MAGIS afterschool registration"}]},{"@type":"WebSite","@id":"https:\/\/latinpcs.org\/#website","url":"https:\/\/latinpcs.org\/","name":"Escuelas p\u00fablicas ch\u00e1rter latinas de Washington","description":"Washington Latin Public Charter Schools, con sede en Washington, DC, ofrece una educaci\u00f3n cl\u00e1sica para el mundo moderno para estudiantes de 5.\u00ba a 12.\u00ba grado en dos campus.","publisher":{"@id":"https:\/\/latinpcs.org\/#organization"},"potentialAction":[{"@type":"SearchAction","target":{"@type":"EntryPoint","urlTemplate":"https:\/\/latinpcs.org\/?s={search_term_string}"},"query-input":{"@type":"PropertyValueSpecification","valueRequired":true,"valueName":"search_term_string"}}],"inLanguage":"es"},{"@type":"Organization","@id":"https:\/\/latinpcs.org\/#organization","name":"Escuelas p\u00fablicas ch\u00e1rter latinas de Washington","url":"https:\/\/latinpcs.org\/","logo":{"@type":"ImageObject","inLanguage":"es","@id":"https:\/\/latinpcs.org\/#\/schema\/logo\/image\/","url":"https:\/\/latinpcs.org\/wp-content\/uploads\/2025\/07\/Latin_logo_nknm_4c.svg","contentUrl":"https:\/\/latinpcs.org\/wp-content\/uploads\/2025\/07\/Latin_logo_nknm_4c.svg","width":1,"height":1,"caption":"Washington Latin Public Charter Schools"},"image":{"@id":"https:\/\/latinpcs.org\/#\/schema\/logo\/image\/"},"sameAs":["https:\/\/www.facebook.com\/WashingtonLatinPCS\/","https:\/\/www.instagram.com\/washingtonlatinpcs\/?hl=en","https:\/\/www.linkedin.com\/school\/washington-latin-public-charter-schools\/"]},{"@type":"Person","@id":"https:\/\/latinpcs.org\/#\/schema\/person\/3aa16d807028c4e5e65784a090c50b7c","name":"Kate Cromwell","image":{"@type":"ImageObject","inLanguage":"es","@id":"https:\/\/latinpcs.org\/#\/schema\/person\/image\/","url":"https:\/\/secure.gravatar.com\/avatar\/32e491910c66b5f2ef78fc417afb92cd9cb1978e08ad68f8f243b46a1a6c2016?s=96&d=mm&r=g","contentUrl":"https:\/\/secure.gravatar.com\/avatar\/32e491910c66b5f2ef78fc417afb92cd9cb1978e08ad68f8f243b46a1a6c2016?s=96&d=mm&r=g","caption":"Kate Cromwell"},"url":"https:\/\/latinpcs.org\/es\/author\/kcromwell\/"}]}},"rendered-html":"<div class=\"default appear-on-scroll post-25329 post type-post status-publish format-standard has-post-thumbnail hentry category-back-to-school category-daily-schedule-routines campus-2nd-street post-category-announcement\" style=\"\">\n    \n\n        <a href=\"https:\/\/latinpcs.org\/es\/2026\/02\/2nd-st-magis-afterschool-registration\/\" class=\"thumbnail\" aria-labelledby=\"p25329-title\" style=\"\"><img width=\"1024\" height=\"768\" src=\"https:\/\/latinpcs.org\/wp-content\/uploads\/2025\/08\/Campus-2nd-Recess-5th-boys-2023-resized-1024x768.jpg\" class=\"attachment-post-thumb size-post-thumb wp-post-image\" alt=\"\" decoding=\"async\" srcset=\"https:\/\/latinpcs.org\/wp-content\/uploads\/2025\/08\/Campus-2nd-Recess-5th-boys-2023-resized-1024x768.jpg 1024w, https:\/\/latinpcs.org\/wp-content\/uploads\/2025\/08\/Campus-2nd-Recess-5th-boys-2023-resized-300x225.jpg 300w, https:\/\/latinpcs.org\/wp-content\/uploads\/2025\/08\/Campus-2nd-Recess-5th-boys-2023-resized-768x576.jpg 768w, https:\/\/latinpcs.org\/wp-content\/uploads\/2025\/08\/Campus-2nd-Recess-5th-boys-2023-resized-16x12.jpg 16w\" sizes=\"(max-width: 1024px) 100vw, 1024px\" \/><\/a><h3 class=\"title heading h4\"><a href=\"https:\/\/latinpcs.org\/es\/2026\/02\/2nd-st-magis-afterschool-registration\/\">2nd St. MAGIS afterschool registration<\/a><\/h3><div class=\"content\"><p>The third session of MAGIS will begin on Monday, March 2 at 2nd Street. Read about the program and then register through MySchoolBucks! MAGIS means more in Latin, and that &hellip;<\/p>\n<\/div>\n    \n<\/div>","_links":{"self":[{"href":"https:\/\/latinpcs.org\/es\/wp-json\/wp\/v2\/posts\/25329","targetHints":{"allow":["GET"]}}],"collection":[{"href":"https:\/\/latinpcs.org\/es\/wp-json\/wp\/v2\/posts"}],"about":[{"href":"https:\/\/latinpcs.org\/es\/wp-json\/wp\/v2\/types\/post"}],"author":[{"embeddable":true,"href":"https:\/\/latinpcs.org\/es\/wp-json\/wp\/v2\/users\/3"}],"replies":[{"embeddable":true,"href":"https:\/\/latinpcs.org\/es\/wp-json\/wp\/v2\/comments?post=25329"}],"version-history":[{"count":0,"href":"https:\/\/latinpcs.org\/es\/wp-json\/wp\/v2\/posts\/25329\/revisions"}],"wp:featuredmedia":[{"embeddable":true,"href":"https:\/\/latinpcs.org\/es\/wp-json\/wp\/v2\/media\/24950"}],"wp:attachment":[{"href":"https:\/\/latinpcs.org\/es\/wp-json\/wp\/v2\/media?parent=25329"}],"wp:term":[{"taxonomy":"category","embeddable":true,"href":"https:\/\/latinpcs.org\/es\/wp-json\/wp\/v2\/categories?post=25329"},{"taxonomy":"campus","embeddable":true,"href":"https:\/\/latinpcs.org\/es\/wp-json\/wp\/v2\/campus?post=25329"},{"taxonomy":"post-category","embeddable":true,"href":"https:\/\/latinpcs.org\/es\/wp-json\/wp\/v2\/post-category?post=25329"}],"curies":[{"name":"gracias","href":"https:\/\/api.w.org\/{rel}","templated":true}]}}