{"id":25185,"date":"2026-08-14T16:35:11","date_gmt":"2026-08-14T16:35:11","guid":{"rendered":"https:\/\/latinpcs.org\/?p=25185"},"modified":"2026-08-14T19:54:20","modified_gmt":"2026-08-14T19:54:20","slug":"upper-school-fall-sports-registration","status":"publish","type":"post","link":"https:\/\/latinpcs.org\/es\/2026\/08\/upper-school-fall-sports-registration\/","title":{"rendered":"Inscripci\u00f3n para deportes de oto\u00f1o en la escuela superior"},"content":{"rendered":"<p  class=\"appear-on-scroll is-style-intro wp-block-paragraph\" >\u00a1La inscripci\u00f3n para los deportes de oto\u00f1o de la escuela superior en ambos campus de Washington Latin ya est\u00e1 abierta!<\/p>\n\n<p class=\"appear-on-scroll wp-block-paragraph\">En la Escuela P\u00fablica Charter Washington Latin, nos enorgullecemos de construir una tradici\u00f3n de excelencia deportiva, basada no solo en la competencia, sino tambi\u00e9n en el car\u00e1cter, el compromiso y la comunidad. Este es un momento emocionante del a\u00f1o, ya que nuestros estudiantes-atletas regresan al campo, la cancha y la pista para otra temporada de competencia, crecimiento y orgullo escolar. Con su continuo apoyo, brindaremos oportunidades significativas para que nuestros estudiantes compitan, crezcan y lideren, dentro y fuera del campo.<\/p>\n\n<p class=\"appear-on-scroll wp-block-paragraph\"><strong>\u00a1La inscripci\u00f3n para los deportes de oto\u00f1o para estudiantes de 9.\u00ba a 12.\u00ba grado en ambos campus de Washington Latin ya est\u00e1 abierta!<\/strong> Con opciones como atletismo de campo traviesa, voleibol y f\u00fatbol, existen numerosas alternativas para participar en actividades deportivas. Para obtener m\u00e1s informaci\u00f3n sobre todos los equipos de oto\u00f1o, incluyendo entrenadores, pretemporada, pruebas de selecci\u00f3n y horarios de entrenamiento de la temporada regular, consulte la informaci\u00f3n a continuaci\u00f3n.<\/p>\n\n<p class=\"appear-on-scroll wp-block-paragraph\">Tenga en cuenta: cualquier estudiante que no pueda unirse a las pr\u00e1cticas de pretemporada opcionales debe comunicarse directamente con los entrenadores. Cualquier estudiante que no pueda asistir a las pruebas debe comunicarse <a href=\"mailto:belebyel@latinpcs.org\">Bob Eleby El<\/a>, Director de Atletismo.<\/p>\n\n<p class=\"appear-on-scroll wp-block-paragraph\">\u00a1Hagamos que esta sea una fant\u00e1stica temporada de oto\u00f1o!<\/p>\n\n<hr  class=\"appear-on-scroll wp-block-separator has-alpha-channel-opacity\" \/>\n\n<div  class=\"appear-on-scroll wp-block-buttons is-layout-flex wp-block-buttons-is-layout-flex\" >\n<div class=\"wp-block-button\"><a class=\"wp-block-button__link wp-element-button\" href=\"https:\/\/latinpcs.org\/wp-content\/uploads\/2026\/08\/WLPCS-US-Fall-Sports-registration-info-update-2-2026.pdf\"><span class=\"label\">Informaci\u00f3n de inscripci\u00f3n para deportes de oto\u00f1o en EE. UU.<\/span><\/a><\/div>\n<\/div>\n\n<h2  class=\"appear-on-scroll wp-block-heading\" ><span class=\"text\">Deportes de oto\u00f1o \u2013 Equipos de secundaria<\/span><\/h2>\n\n<p class=\"appear-on-scroll wp-block-paragraph\">Lee m\u00e1s sobre cada equipo (entrenadores, pretemporada, entrenamientos, etc.) seleccionando el nombre del equipo. \u00a1Esto abre m\u00e1s informaci\u00f3n!<\/p>\n\n<div id=\"upper-school-cross-country-girls-boys-no-cut-team\" class=\"wp-block-theme-blocks-expandable appear-on-scroll theme-block has-layout-center expand\"><div role=\"button\" tabindex=\"0\" class=\"block-question appear-on-scroll heading h4\"><strong>Campo a Traviesa de Secundaria - Ni\u00f1as y Ni\u00f1os (Equipo sin Recortes)<\/strong><\/div><div class=\"block-answer\" style=\"display:none;\">\n<p class=\"appear-on-scroll wp-block-paragraph\"><strong>Entrenador principal:<\/strong> Se\u00f1or Brian Hotchkiss <a href=\"mailto:bhotchkiss@latinpcs.org\">bhotchkiss@latinpcs.org<\/a><\/p>\n\n<p class=\"appear-on-scroll wp-block-paragraph\">Damos la bienvenida a todos los estudiantes interesados a unirse a nuestro <strong>sin cortes<\/strong> \u00a1Equipo de campo traviesa de la escuela superior!<\/p>\n\n<p class=\"appear-on-scroll wp-block-paragraph\"><strong>Entrenamiento de pretemporada<\/strong> (opcional)<\/p>\n\n<ul  class=\"appear-on-scroll wp-block-list\" >\n<li><strong>Fechas:<\/strong> Lunes 17 de agosto y martes 18 de agosto<\/li>\n\n\n\n<li><strong>Tiempo:<\/strong> 8:00 \u2013 10:00 a. m.<\/li>\n\n\n\n<li><strong>Ubicaci\u00f3n:<\/strong> Washington Latin \u2013 Campus de la calle 2 (5200 2nd Street NW)<\/li>\n<\/ul>\n\n<h4  class=\"appear-on-scroll wp-block-heading\" ><span class=\"text\">Calendario de pr\u00e1cticas de la temporada regular<\/span><\/h4>\n\n<ul  class=\"appear-on-scroll wp-block-list\" >\n<li><strong>D\u00edas:<\/strong> De lunes a viernes, a partir del 26 de agosto.<\/li>\n\n\n\n<li><strong>Tiempo:<\/strong> 16:45 \u2013 18:30<\/li>\n\n\n\n<li><strong>Ubicaci\u00f3n:<\/strong> Campus de la calle 2<\/li>\n<\/ul>\n\n<p class=\"appear-on-scroll wp-block-paragraph\"><em>Las pr\u00e1cticas est\u00e1n sujetas al clima.<\/em><\/p>\n\n<h4  class=\"appear-on-scroll wp-block-heading\" ><span class=\"text\">Competiciones<\/span><\/h4>\n\n<p class=\"appear-on-scroll wp-block-paragraph\">La mayor\u00eda de las reuniones se llevar\u00e1n a cabo en <strong>S\u00e1bados<\/strong> y normalmente duran todo el d\u00eda.<\/p>\n\n<p class=\"appear-on-scroll wp-block-paragraph\">\u00a1Estamos entusiasmados por una temporada fuerte por delante y esperamos dar la bienvenida a corredores nuevos y recurrentes al equipo!<\/p>\n<\/div><\/div>\n\n<div id=\"upper-school-girls-volleyball-cut-sport\" class=\"wp-block-theme-blocks-expandable appear-on-scroll theme-block has-layout-center expand\"><div role=\"button\" tabindex=\"0\" class=\"block-question appear-on-scroll heading h4\"><strong>Voleibol femenino de secundaria (Deporte de corte)<\/strong><\/div><div class=\"block-answer\" style=\"display:none;\">\n<ul  class=\"appear-on-scroll wp-block-list\" >\n<li><strong>Entrenador principal:<\/strong> Sra. Futcha Williams <a href=\"mailto:fwilliams@latinpcs.org\">fwilliams@latinpcs.org<\/a><\/li>\n\n\n\n<li><strong>Entrenador asistente:<\/strong> Sra. Anaya Rodgers <a href=\"mailto:arodgers@latinpcs.org\">arodgers@latinpcs.org<\/a><\/li>\n<\/ul>\n\n<p class=\"appear-on-scroll wp-block-paragraph\">\u00a1Nos entusiasma lanzar otra temporada competitiva de voleibol femenino en Washington Latin! Consulta las fechas y detalles importantes a continuaci\u00f3n.<\/p>\n\n<h4  class=\"appear-on-scroll wp-block-heading\" ><span class=\"text\">Preparaci\u00f3n f\u00edsica de pretemporada (muy recomendable)<\/span><\/h4>\n\n<ul  class=\"appear-on-scroll wp-block-list\" >\n<li><strong>Fechas:<\/strong> Del 18 al 25 de agosto<\/li>\n\n\n\n<li><strong>Tiempo:<\/strong> 16:30 \u2013 18:30<\/li>\n\n\n\n<li><strong>Ubicaci\u00f3n:<\/strong> Campus de 2nd Street (5200 2nd Street NW), Gimnasio Martha C. Cutts<\/li>\n<\/ul>\n\n<h4  class=\"appear-on-scroll wp-block-heading\" ><span class=\"text\">Pruebas (obligatorias)<\/span><\/h4>\n\n<ul  class=\"appear-on-scroll wp-block-list\" >\n<li><strong>Fechas:<\/strong> Jueves 3 de septiembre y viernes 4 de septiembre<\/li>\n\n\n\n<li><strong>Tiempo:<\/strong> 16:30 \u2013 18:30<\/li>\n\n\n\n<li><em>Se recomienda encarecidamente la participaci\u00f3n en ambas sesiones de prueba para una evaluaci\u00f3n completa.<\/em><\/li>\n<\/ul>\n\n<h4  class=\"appear-on-scroll wp-block-heading\" ><span class=\"text\">Pr\u00e1cticas de la temporada regular<\/span><\/h4>\n\n<ul  class=\"appear-on-scroll wp-block-list\" >\n<li><strong>D\u00edas:<\/strong> De lunes a viernes, a partir del 26 de agosto.<\/li>\n\n\n\n<li><strong>Tiempo:<\/strong> 16:45 \u2013 18:30<\/li>\n<\/ul>\n\n<p class=\"appear-on-scroll wp-block-paragraph\">Esperamos ver a nuestros atletas aportar energ\u00eda, concentraci\u00f3n y trabajo en equipo a la cancha este oto\u00f1o. \u00a1A por el lat\u00edn!<\/p>\n<\/div><\/div>\n\n<div id=\"upper-school-girls-soccer-cut-sport\" class=\"wp-block-theme-blocks-expandable appear-on-scroll theme-block has-layout-center expand\"><div role=\"button\" tabindex=\"0\" class=\"block-question appear-on-scroll heading h4\"><strong>F\u00fatbol femenino de secundaria (Deporte de corte)<\/strong><\/div><div class=\"block-answer\" style=\"display:none;\">\n<p class=\"appear-on-scroll wp-block-paragraph\"><strong>Entrenador principal:<\/strong> El se\u00f1or Geoff Thompson <a href=\"mailto:gthompson@latinpcs.org\">gthompson@latinpcs.org<\/a><br><strong>Entrenador asistente:<\/strong> Sra. Kathy Reyes <a href=\"mailto:kreyeshernandez@latinpcs.org\">kreyeshernandez@latinpcs.org<\/a><\/p>\n\n<p class=\"appear-on-scroll wp-block-paragraph\">\u00a1Estamos emocionados de dar la bienvenida a los nuevos y antiguos estudiantes-atletas al programa de f\u00fatbol femenino de la escuela superior en Washington Latin!<\/p>\n\n<h4  class=\"appear-on-scroll wp-block-heading\" ><span class=\"text\">Preparaci\u00f3n f\u00edsica de pretemporada (muy recomendable)<\/span><\/h4>\n\n<ul  class=\"appear-on-scroll wp-block-list\" >\n<li><strong>Fechas:<\/strong> Del 18 al 25 de agosto (de lunes a viernes)<\/li>\n\n\n\n<li><strong>Tiempo:<\/strong> 12:00 \u2013 14:00<\/li>\n\n\n\n<li><strong>Ubicaci\u00f3n:<\/strong> Parque Upshur<\/li>\n<\/ul>\n\n<h4  class=\"appear-on-scroll wp-block-heading\" ><span class=\"text\">Pruebas (obligatorias)<\/span><\/h4>\n\n<ul  class=\"appear-on-scroll wp-block-list\" >\n<li><strong>Fechas:<\/strong> Semana del 31 de agosto (detalles por confirmar)<\/li>\n\n\n\n<li><strong>Tiempo:<\/strong> 16:30 \u2013 18:30<\/li>\n\n\n\n<li><strong>Ubicaci\u00f3n:<\/strong> Parque Upshur<\/li>\n<\/ul>\n\n<h4  class=\"appear-on-scroll wp-block-heading\" ><span class=\"text\">Pr\u00e1cticas de la temporada regular<\/span><\/h4>\n\n<ul  class=\"appear-on-scroll wp-block-list\" >\n<li><strong>D\u00edas:<\/strong> De lunes a viernes (a partir del 26 de agosto)<\/li>\n\n\n\n<li><strong>Tiempo:<\/strong> 16:45 \u2013 18:30<\/li>\n\n\n\n<li><strong>Nota:<\/strong> Es posible que se programen algunos partidos los s\u00e1bados durante la temporada.<\/li>\n<\/ul>\n\n<p class=\"appear-on-scroll wp-block-paragraph\">Para obtener m\u00e1s informaci\u00f3n o realizar preguntas espec\u00edficas, comun\u00edquese con <strong>Entrenador Geoff<\/strong> o <strong>Entrenador Reyes<\/strong> \u00a1Directamente! Nos espera una temporada enfocada, competitiva y divertida. \u00a1Vamos Leones!<\/p>\n<\/div><\/div>\n\n<div id=\"upper-school-boys-soccer-varsity-junior-varsity-cut-sport\" class=\"wp-block-theme-blocks-expandable appear-on-scroll theme-block has-layout-center expand\"><div role=\"button\" tabindex=\"0\" class=\"block-question appear-on-scroll heading h4\"><strong>F\u00fatbol masculino de secundaria (universitario y juvenil)<\/strong><\/div><div class=\"block-answer\" style=\"display:none;\">\n<ul  class=\"appear-on-scroll wp-block-list\" >\n<li>El entrenador Adam Keller: <a href=\"mailto:akeller@latinpcs.org\">akeller@latinpcs.org<\/a><\/li>\n\n\n\n<li>El entrenador Philip Raad: <a href=\"mailto:praad@latinpcs.org\">praad@latinpcs.org<\/a><\/li>\n\n\n\n<li>Entrenador Nick Baar: <a href=\"mailto:nbaar@latinpcs.org\">nbaar@latinpcs.org<\/a><\/li>\n\n\n\n<li>Entrenador Camilo Pardo: <a href=\"mailto:cpardo@latinpcs.org\">cpardo@latinpcs.org<\/a><\/li>\n<\/ul>\n\n<p class=\"appear-on-scroll wp-block-paragraph\">Esperamos una excelente temporada de f\u00fatbol masculino de secundaria, tanto en el nivel varsity como en el jv. Consulte la informaci\u00f3n a continuaci\u00f3n para conocer la pretemporada, las pruebas y las expectativas del equipo.<\/p>\n\n<h4  class=\"appear-on-scroll wp-block-heading\" ><span class=\"text\">Entrenamientos y preparaci\u00f3n f\u00edsica de pretemporada <em>(Muy recomendable)<\/em><\/span><\/h4>\n\n<ul  class=\"appear-on-scroll wp-block-list\" >\n<li><strong>Fechas:<\/strong> Lunes 17 de agosto \u2013 Martes 18 de agosto<\/li>\n\n\n\n<li><strong>Tiempo:<\/strong> De 14:00 a 16:00 horas<\/li>\n\n\n\n<li><strong>Ubicaci\u00f3n:<\/strong> Parque Upshur<\/li>\n<\/ul>\n\n<h4  class=\"appear-on-scroll wp-block-heading\" ><span class=\"text\">Pruebas<\/span><\/h4>\n\n<p class=\"appear-on-scroll wp-block-paragraph\">\u00a1Las pruebas son obligatorias!<\/p>\n\n<ul  class=\"appear-on-scroll wp-block-list\" >\n<li><strong>Fechas:<\/strong> Semana del 31 de agosto (detalles por confirmar)<\/li>\n\n\n\n<li><strong>Tiempo:<\/strong> 16:30 \u2013 18:30<\/li>\n\n\n\n<li><strong>Ubicaci\u00f3n:<\/strong> Parque Upshur<\/li>\n<\/ul>\n\n<h4  class=\"appear-on-scroll wp-block-heading\" ><span class=\"text\">Pr\u00e1cticas de la temporada regular<\/span><\/h4>\n\n<ul  class=\"appear-on-scroll wp-block-list\" >\n<li><strong>D\u00edas:<\/strong> De lunes a viernes (a partir del 26 de agosto)<\/li>\n\n\n\n<li><strong>Tiempo:<\/strong> 16:45 \u2013 18:30<\/li>\n\n\n\n<li><strong>Nota:<\/strong> Es posible que se programen algunos partidos los s\u00e1bados durante la temporada.<\/li>\n<\/ul>\n\n<p class=\"appear-on-scroll wp-block-paragraph\">Para m\u00e1s informaci\u00f3n o preguntas espec\u00edficas, contacte directamente con los entrenadores. Nos espera una temporada enfocada, competitiva y divertida. \u00a1Vamos Leones!<\/p>\n<\/div><\/div>\n\n<h2  class=\"appear-on-scroll wp-block-heading\" ><span class=\"text\"><strong>Detalles de registro<\/strong><\/span><\/h2>\n\n<p class=\"appear-on-scroll wp-block-paragraph\">La inscripci\u00f3n para los deportes de oto\u00f1o se realizar\u00e1 nuevamente a trav\u00e9s de <strong>Deportes de \u00e1rbitro<\/strong> plataforma.<\/p>\n\n<ul  class=\"appear-on-scroll wp-block-list\" >\n<li><strong>Apertura de inscripciones:<\/strong> Viernes, 14 de agosto de 2026 a las 12:00 p. m.<\/li>\n\n\n\n<li>Si tienes preguntas, no dudes en contactarnos. <a href=\"\/es\/belebyel@latinpcs.org\/\">Bob Eleby El<\/a>, Director de Atletismo.<\/li>\n\n\n\n<li>Para problemas t\u00e9cnicos, comun\u00edquese con el soporte de Arbiter Sports en <strong>1-888-800-5583<\/strong>.<\/li>\n<\/ul>\n\n<div  class=\"appear-on-scroll wp-block-buttons is-layout-flex wp-block-buttons-is-layout-flex\" >\n<div class=\"wp-block-button\"><a class=\"wp-block-button__link wp-element-button\" href=\"https:\/\/students.arbitersports.com\/washington-latin-public-charter-schools\"><span class=\"label\">Portal de registro de Arbiter Sports<\/span><\/a><\/div>\n<\/div>\n\n<h3  class=\"appear-on-scroll wp-block-heading\" ><span class=\"text\">Recordatorios importantes<\/span><\/h3>\n\n<p class=\"appear-on-scroll wp-block-paragraph\">Todos los estudiantes deportistas <strong>Debe registrarse a trav\u00e9s de Arbiter Sports<\/strong> antes de participar en <strong>cualquier actividad de equipo<\/strong>, incluyendo pr\u00e1cticas, acondicionamiento, entrenamientos y pruebas.<\/p>\n\n<p class=\"appear-on-scroll wp-block-paragraph\">La informaci\u00f3n espec\u00edfica del equipo, como los contactos de los entrenadores, las fechas de las pruebas y los horarios de entrenamiento, se publica en la p\u00e1gina de Atletismo de este sitio web. Los horarios de los partidos se a\u00f1adir\u00e1n a los calendarios del equipo una vez finalizados.<\/p>\n\n<p class=\"appear-on-scroll wp-block-paragraph\">No se requieren documentos adicionales m\u00e1s all\u00e1 del registro en l\u00ednea. Una vez enviado el formulario, recibir\u00e1 un correo electr\u00f3nico de confirmaci\u00f3n de Arbiter Sports.<\/p>\n\n<h3  class=\"appear-on-scroll wp-block-heading\" ><span class=\"text\">Requisitos de elegibilidad para la escuela secundaria (grados 9.\u00ba a 12.\u00ba)<\/span><\/h3>\n\n<p class=\"appear-on-scroll wp-block-paragraph\">Para participar, cada estudiante-atleta debe cumplir los siguientes criterios:<\/p>\n\n<ol  class=\"appear-on-scroll wp-block-list\" >\n<li><strong>Registro \u2013 <\/strong> Un padre o tutor debe completar el registro completo de Arbiter Sports.<\/li>\n\n\n\n<li><strong>Examen f\u00edsico \u2013 <\/strong> Una corriente <strong>Certificado de Salud Universal del Distrito de Columbia<\/strong> Debe estar archivado en la escuela. El estudiante debe estar autorizado para participar en deportes competitivos.<\/li>\n\n\n\n<li><strong>Elegibilidad acad\u00e9mica \u2013<\/strong> Los estudiantes deportistas deben mantener una <strong>GPA m\u00ednimo de 2.0<\/strong> y tener buen comportamiento. A los estudiantes que no cumplan con las expectativas se les puede permitir practicar, pero <strong>no ser\u00e1 elegible para competir<\/strong>.<\/li>\n\n\n\n<li><strong>Requisito de residencia \u2013 <\/strong> Los estudiantes deben cumplir con los requisitos de residencia seg\u00fan se define en <strong>DCMR, Cap\u00edtulo 27<\/strong>.<\/li>\n<\/ol>","protected":false},"excerpt":{"rendered":"<p>\u00a1Ya est\u00e1 abierta la inscripci\u00f3n para los deportes de oto\u00f1o de secundaria en ambos campus de Washington Latin! En la Escuela P\u00fablica Charter Washington Latin, nos enorgullecemos de construir una tradici\u00f3n de excelencia en el atletismo, una...<\/p>","protected":false},"author":4,"featured_media":25124,"comment_status":"closed","ping_status":"closed","sticky":false,"template":"","format":"standard","meta":{"featured_image_background_position":"","footnotes":""},"categories":[5,32,33],"campus":[22],"post-category":[12],"class_list":["post-25185","post","type-post","status-publish","format-standard","has-post-thumbnail","hentry","category-athletics","category-back-to-school","category-involvement-and-information","campus-latin-wide","post-category-announcement"],"yoast_head":"<!-- This site is optimized with the Yoast SEO plugin v25.6 - https:\/\/yoast.com\/wordpress\/plugins\/seo\/ -->\n<title>Upper School Fall Sports Registration - Washington Latin Public Charter Schools<\/title>\n<meta name=\"robots\" content=\"index, follow, max-snippet:-1, max-image-preview:large, max-video-preview:-1\" \/>\n<link rel=\"canonical\" href=\"https:\/\/latinpcs.org\/es\/2026\/08\/upper-school-fall-sports-registration\/\" \/>\n<meta property=\"og:locale\" content=\"es_MX\" \/>\n<meta property=\"og:type\" content=\"article\" \/>\n<meta property=\"og:title\" content=\"Upper School Fall Sports Registration - Washington Latin Public Charter Schools\" \/>\n<meta property=\"og:description\" content=\"Upper School Fall Sports Registration for both campuses of Washington Latin is now open! At Washington Latin Public Charter School, we are proudly building a tradition of excellence in athletics\u2014one &hellip;\" \/>\n<meta property=\"og:url\" content=\"https:\/\/latinpcs.org\/es\/2026\/08\/upper-school-fall-sports-registration\/\" \/>\n<meta property=\"og:site_name\" content=\"Washington Latin Public Charter Schools\" \/>\n<meta property=\"article:publisher\" content=\"https:\/\/www.facebook.com\/WashingtonLatinPCS\/\" \/>\n<meta property=\"article:published_time\" content=\"2026-08-14T16:35:11+00:00\" \/>\n<meta property=\"article:modified_time\" content=\"2026-08-14T19:54:20+00:00\" \/>\n<meta property=\"og:image\" content=\"https:\/\/latinpcs.org\/wp-content\/uploads\/2025\/08\/xcountry.jpeg\" \/>\n\t<meta property=\"og:image:width\" content=\"1440\" \/>\n\t<meta property=\"og:image:height\" content=\"1800\" \/>\n\t<meta property=\"og:image:type\" content=\"image\/jpeg\" \/>\n<meta name=\"author\" content=\"Anaya Rodgers\" \/>\n<meta name=\"twitter:card\" content=\"summary_large_image\" \/>\n<meta name=\"twitter:label1\" content=\"Written by\" \/>\n\t<meta name=\"twitter:data1\" content=\"Anaya Rodgers\" \/>\n\t<meta name=\"twitter:label2\" content=\"Est. reading time\" \/>\n\t<meta name=\"twitter:data2\" content=\"5 minutos\" \/>\n<script type=\"application\/ld+json\" class=\"yoast-schema-graph\">{\"@context\":\"https:\/\/schema.org\",\"@graph\":[{\"@type\":\"Article\",\"@id\":\"https:\/\/latinpcs.org\/2026\/08\/upper-school-fall-sports-registration\/#article\",\"isPartOf\":{\"@id\":\"https:\/\/latinpcs.org\/2026\/08\/upper-school-fall-sports-registration\/\"},\"author\":{\"name\":\"Anaya Rodgers\",\"@id\":\"https:\/\/latinpcs.org\/#\/schema\/person\/4471fa7fd209f283fbd2c0c9fffbb5a5\"},\"headline\":\"Upper School Fall Sports Registration\",\"datePublished\":\"2026-08-14T16:35:11+00:00\",\"dateModified\":\"2026-08-14T19:54:20+00:00\",\"mainEntityOfPage\":{\"@id\":\"https:\/\/latinpcs.org\/2026\/08\/upper-school-fall-sports-registration\/\"},\"wordCount\":911,\"publisher\":{\"@id\":\"https:\/\/latinpcs.org\/#organization\"},\"image\":{\"@id\":\"https:\/\/latinpcs.org\/2026\/08\/upper-school-fall-sports-registration\/#primaryimage\"},\"thumbnailUrl\":\"https:\/\/latinpcs.org\/wp-content\/uploads\/2025\/08\/xcountry.jpeg\",\"articleSection\":[\"Athletics\",\"Back to School\",\"Involvement and Information\"],\"inLanguage\":\"es\"},{\"@type\":\"WebPage\",\"@id\":\"https:\/\/latinpcs.org\/2026\/08\/upper-school-fall-sports-registration\/\",\"url\":\"https:\/\/latinpcs.org\/2026\/08\/upper-school-fall-sports-registration\/\",\"name\":\"Upper School Fall Sports Registration - Washington Latin Public Charter Schools\",\"isPartOf\":{\"@id\":\"https:\/\/latinpcs.org\/#website\"},\"primaryImageOfPage\":{\"@id\":\"https:\/\/latinpcs.org\/2026\/08\/upper-school-fall-sports-registration\/#primaryimage\"},\"image\":{\"@id\":\"https:\/\/latinpcs.org\/2026\/08\/upper-school-fall-sports-registration\/#primaryimage\"},\"thumbnailUrl\":\"https:\/\/latinpcs.org\/wp-content\/uploads\/2025\/08\/xcountry.jpeg\",\"datePublished\":\"2026-08-14T16:35:11+00:00\",\"dateModified\":\"2026-08-14T19:54:20+00:00\",\"breadcrumb\":{\"@id\":\"https:\/\/latinpcs.org\/2026\/08\/upper-school-fall-sports-registration\/#breadcrumb\"},\"inLanguage\":\"es\",\"potentialAction\":[{\"@type\":\"ReadAction\",\"target\":[\"https:\/\/latinpcs.org\/2026\/08\/upper-school-fall-sports-registration\/\"]}]},{\"@type\":\"ImageObject\",\"inLanguage\":\"es\",\"@id\":\"https:\/\/latinpcs.org\/2026\/08\/upper-school-fall-sports-registration\/#primaryimage\",\"url\":\"https:\/\/latinpcs.org\/wp-content\/uploads\/2025\/08\/xcountry.jpeg\",\"contentUrl\":\"https:\/\/latinpcs.org\/wp-content\/uploads\/2025\/08\/xcountry.jpeg\",\"width\":1440,\"height\":1800},{\"@type\":\"BreadcrumbList\",\"@id\":\"https:\/\/latinpcs.org\/2026\/08\/upper-school-fall-sports-registration\/#breadcrumb\",\"itemListElement\":[{\"@type\":\"ListItem\",\"position\":1,\"name\":\"Home\",\"item\":\"https:\/\/latinpcs.org\/\"},{\"@type\":\"ListItem\",\"position\":2,\"name\":\"Upper School Fall Sports Registration\"}]},{\"@type\":\"WebSite\",\"@id\":\"https:\/\/latinpcs.org\/#website\",\"url\":\"https:\/\/latinpcs.org\/\",\"name\":\"Washington Latin Public Charter Schools\",\"description\":\"Washington Latin Public Charter Schools, based in Washington, DC, offers a classical education for the modern world for students in grades 5-12 across two campuses.\",\"publisher\":{\"@id\":\"https:\/\/latinpcs.org\/#organization\"},\"potentialAction\":[{\"@type\":\"SearchAction\",\"target\":{\"@type\":\"EntryPoint\",\"urlTemplate\":\"https:\/\/latinpcs.org\/?s={search_term_string}\"},\"query-input\":{\"@type\":\"PropertyValueSpecification\",\"valueRequired\":true,\"valueName\":\"search_term_string\"}}],\"inLanguage\":\"es\"},{\"@type\":\"Organization\",\"@id\":\"https:\/\/latinpcs.org\/#organization\",\"name\":\"Washington Latin Public Charter Schools\",\"url\":\"https:\/\/latinpcs.org\/\",\"logo\":{\"@type\":\"ImageObject\",\"inLanguage\":\"es\",\"@id\":\"https:\/\/latinpcs.org\/#\/schema\/logo\/image\/\",\"url\":\"https:\/\/latinpcs.org\/wp-content\/uploads\/2025\/07\/Latin_logo_nknm_4c.svg\",\"contentUrl\":\"https:\/\/latinpcs.org\/wp-content\/uploads\/2025\/07\/Latin_logo_nknm_4c.svg\",\"width\":1,\"height\":1,\"caption\":\"Washington Latin Public Charter Schools\"},\"image\":{\"@id\":\"https:\/\/latinpcs.org\/#\/schema\/logo\/image\/\"},\"sameAs\":[\"https:\/\/www.facebook.com\/WashingtonLatinPCS\/\",\"https:\/\/www.instagram.com\/washingtonlatinpcs\/?hl=en\",\"https:\/\/www.linkedin.com\/school\/washington-latin-public-charter-schools\/\"]},{\"@type\":\"Person\",\"@id\":\"https:\/\/latinpcs.org\/#\/schema\/person\/4471fa7fd209f283fbd2c0c9fffbb5a5\",\"name\":\"Anaya Rodgers\",\"image\":{\"@type\":\"ImageObject\",\"inLanguage\":\"es\",\"@id\":\"https:\/\/latinpcs.org\/#\/schema\/person\/image\/\",\"url\":\"https:\/\/secure.gravatar.com\/avatar\/f39d71c19ed8e38dbfec588b017007383f137b77040bcc02cac06c6f62fb7fe9?s=96&d=mm&r=g\",\"contentUrl\":\"https:\/\/secure.gravatar.com\/avatar\/f39d71c19ed8e38dbfec588b017007383f137b77040bcc02cac06c6f62fb7fe9?s=96&d=mm&r=g\",\"caption\":\"Anaya Rodgers\"},\"url\":\"https:\/\/latinpcs.org\/es\/author\/arodgers\/\"}]}<\/script>\n<!-- \/ Yoast SEO plugin. -->","yoast_head_json":{"title":"Inscripci\u00f3n para deportes de oto\u00f1o en la escuela secundaria - Washington Latin Public Charter Schools","robots":{"index":"index","follow":"follow","max-snippet":"max-snippet:-1","max-image-preview":"max-image-preview:large","max-video-preview":"max-video-preview:-1"},"canonical":"https:\/\/latinpcs.org\/es\/2026\/08\/upper-school-fall-sports-registration\/","og_locale":"es_MX","og_type":"article","og_title":"Upper School Fall Sports Registration - Washington Latin Public Charter Schools","og_description":"Upper School Fall Sports Registration for both campuses of Washington Latin is now open! At Washington Latin Public Charter School, we are proudly building a tradition of excellence in athletics\u2014one &hellip;","og_url":"https:\/\/latinpcs.org\/es\/2026\/08\/upper-school-fall-sports-registration\/","og_site_name":"Washington Latin Public Charter Schools","article_publisher":"https:\/\/www.facebook.com\/WashingtonLatinPCS\/","article_published_time":"2026-08-14T16:35:11+00:00","article_modified_time":"2026-08-14T19:54:20+00:00","og_image":[{"width":1440,"height":1800,"url":"https:\/\/latinpcs.org\/wp-content\/uploads\/2025\/08\/xcountry.jpeg","type":"image\/jpeg"}],"author":"Anaya Rodgers","twitter_card":"summary_large_image","twitter_misc":{"Written by":"Anaya Rodgers","Est. reading time":"5 minutos"},"schema":{"@context":"https:\/\/schema.org","@graph":[{"@type":"Article","@id":"https:\/\/latinpcs.org\/2026\/08\/upper-school-fall-sports-registration\/#article","isPartOf":{"@id":"https:\/\/latinpcs.org\/2026\/08\/upper-school-fall-sports-registration\/"},"author":{"name":"Anaya Rodgers","@id":"https:\/\/latinpcs.org\/#\/schema\/person\/4471fa7fd209f283fbd2c0c9fffbb5a5"},"headline":"Upper School Fall Sports Registration","datePublished":"2026-08-14T16:35:11+00:00","dateModified":"2026-08-14T19:54:20+00:00","mainEntityOfPage":{"@id":"https:\/\/latinpcs.org\/2026\/08\/upper-school-fall-sports-registration\/"},"wordCount":911,"publisher":{"@id":"https:\/\/latinpcs.org\/#organization"},"image":{"@id":"https:\/\/latinpcs.org\/2026\/08\/upper-school-fall-sports-registration\/#primaryimage"},"thumbnailUrl":"https:\/\/latinpcs.org\/wp-content\/uploads\/2025\/08\/xcountry.jpeg","articleSection":["Athletics","Back to School","Involvement and Information"],"inLanguage":"es"},{"@type":"WebPage","@id":"https:\/\/latinpcs.org\/2026\/08\/upper-school-fall-sports-registration\/","url":"https:\/\/latinpcs.org\/2026\/08\/upper-school-fall-sports-registration\/","name":"Inscripci\u00f3n para deportes de oto\u00f1o en la escuela secundaria - Washington Latin Public Charter Schools","isPartOf":{"@id":"https:\/\/latinpcs.org\/#website"},"primaryImageOfPage":{"@id":"https:\/\/latinpcs.org\/2026\/08\/upper-school-fall-sports-registration\/#primaryimage"},"image":{"@id":"https:\/\/latinpcs.org\/2026\/08\/upper-school-fall-sports-registration\/#primaryimage"},"thumbnailUrl":"https:\/\/latinpcs.org\/wp-content\/uploads\/2025\/08\/xcountry.jpeg","datePublished":"2026-08-14T16:35:11+00:00","dateModified":"2026-08-14T19:54:20+00:00","breadcrumb":{"@id":"https:\/\/latinpcs.org\/2026\/08\/upper-school-fall-sports-registration\/#breadcrumb"},"inLanguage":"es","potentialAction":[{"@type":"ReadAction","target":["https:\/\/latinpcs.org\/2026\/08\/upper-school-fall-sports-registration\/"]}]},{"@type":"ImageObject","inLanguage":"es","@id":"https:\/\/latinpcs.org\/2026\/08\/upper-school-fall-sports-registration\/#primaryimage","url":"https:\/\/latinpcs.org\/wp-content\/uploads\/2025\/08\/xcountry.jpeg","contentUrl":"https:\/\/latinpcs.org\/wp-content\/uploads\/2025\/08\/xcountry.jpeg","width":1440,"height":1800},{"@type":"BreadcrumbList","@id":"https:\/\/latinpcs.org\/2026\/08\/upper-school-fall-sports-registration\/#breadcrumb","itemListElement":[{"@type":"ListItem","position":1,"name":"Home","item":"https:\/\/latinpcs.org\/"},{"@type":"ListItem","position":2,"name":"Upper School Fall Sports Registration"}]},{"@type":"WebSite","@id":"https:\/\/latinpcs.org\/#website","url":"https:\/\/latinpcs.org\/","name":"Escuelas p\u00fablicas ch\u00e1rter latinas de Washington","description":"Washington Latin Public Charter Schools, con sede en Washington, DC, ofrece una educaci\u00f3n cl\u00e1sica para el mundo moderno para estudiantes de 5.\u00ba a 12.\u00ba grado en dos campus.","publisher":{"@id":"https:\/\/latinpcs.org\/#organization"},"potentialAction":[{"@type":"SearchAction","target":{"@type":"EntryPoint","urlTemplate":"https:\/\/latinpcs.org\/?s={search_term_string}"},"query-input":{"@type":"PropertyValueSpecification","valueRequired":true,"valueName":"search_term_string"}}],"inLanguage":"es"},{"@type":"Organization","@id":"https:\/\/latinpcs.org\/#organization","name":"Escuelas p\u00fablicas ch\u00e1rter latinas de Washington","url":"https:\/\/latinpcs.org\/","logo":{"@type":"ImageObject","inLanguage":"es","@id":"https:\/\/latinpcs.org\/#\/schema\/logo\/image\/","url":"https:\/\/latinpcs.org\/wp-content\/uploads\/2025\/07\/Latin_logo_nknm_4c.svg","contentUrl":"https:\/\/latinpcs.org\/wp-content\/uploads\/2025\/07\/Latin_logo_nknm_4c.svg","width":1,"height":1,"caption":"Washington Latin Public Charter Schools"},"image":{"@id":"https:\/\/latinpcs.org\/#\/schema\/logo\/image\/"},"sameAs":["https:\/\/www.facebook.com\/WashingtonLatinPCS\/","https:\/\/www.instagram.com\/washingtonlatinpcs\/?hl=en","https:\/\/www.linkedin.com\/school\/washington-latin-public-charter-schools\/"]},{"@type":"Person","@id":"https:\/\/latinpcs.org\/#\/schema\/person\/4471fa7fd209f283fbd2c0c9fffbb5a5","name":"Anaya Rodgers","image":{"@type":"ImageObject","inLanguage":"es","@id":"https:\/\/latinpcs.org\/#\/schema\/person\/image\/","url":"https:\/\/secure.gravatar.com\/avatar\/f39d71c19ed8e38dbfec588b017007383f137b77040bcc02cac06c6f62fb7fe9?s=96&d=mm&r=g","contentUrl":"https:\/\/secure.gravatar.com\/avatar\/f39d71c19ed8e38dbfec588b017007383f137b77040bcc02cac06c6f62fb7fe9?s=96&d=mm&r=g","caption":"Anaya Rodgers"},"url":"https:\/\/latinpcs.org\/es\/author\/arodgers\/"}]}},"rendered-html":"<div class=\"default appear-on-scroll post-25185 post type-post status-publish format-standard has-post-thumbnail hentry category-athletics category-back-to-school category-involvement-and-information campus-latin-wide post-category-announcement\" style=\"\">\n    \n\n        <a href=\"https:\/\/latinpcs.org\/es\/2026\/08\/upper-school-fall-sports-registration\/\" class=\"thumbnail\" aria-labelledby=\"p25185-title\" style=\"\"><img width=\"1024\" height=\"1280\" src=\"https:\/\/latinpcs.org\/wp-content\/uploads\/2025\/08\/xcountry-1024x1280.jpeg\" class=\"attachment-post-thumb size-post-thumb wp-post-image\" alt=\"\" decoding=\"async\" srcset=\"https:\/\/latinpcs.org\/wp-content\/uploads\/2025\/08\/xcountry-1024x1280.jpeg 1024w, https:\/\/latinpcs.org\/wp-content\/uploads\/2025\/08\/xcountry-240x300.jpeg 240w, https:\/\/latinpcs.org\/wp-content\/uploads\/2025\/08\/xcountry-819x1024.jpeg 819w, https:\/\/latinpcs.org\/wp-content\/uploads\/2025\/08\/xcountry-768x960.jpeg 768w, https:\/\/latinpcs.org\/wp-content\/uploads\/2025\/08\/xcountry-10x12.jpeg 10w\" sizes=\"(max-width: 1024px) 100vw, 1024px\" \/><\/a><h3 class=\"title heading h4\"><a href=\"https:\/\/latinpcs.org\/es\/2026\/08\/upper-school-fall-sports-registration\/\">Upper School Fall Sports Registration<\/a><\/h3><div class=\"content\"><p>Upper School Fall Sports Registration for both campuses of Washington Latin is now open! At Washington Latin Public Charter School, we are proudly building a tradition of excellence in athletics\u2014one &hellip;<\/p>\n<\/div>\n    \n<\/div>","_links":{"self":[{"href":"https:\/\/latinpcs.org\/es\/wp-json\/wp\/v2\/posts\/25185","targetHints":{"allow":["GET"]}}],"collection":[{"href":"https:\/\/latinpcs.org\/es\/wp-json\/wp\/v2\/posts"}],"about":[{"href":"https:\/\/latinpcs.org\/es\/wp-json\/wp\/v2\/types\/post"}],"author":[{"embeddable":true,"href":"https:\/\/latinpcs.org\/es\/wp-json\/wp\/v2\/users\/4"}],"replies":[{"embeddable":true,"href":"https:\/\/latinpcs.org\/es\/wp-json\/wp\/v2\/comments?post=25185"}],"version-history":[{"count":0,"href":"https:\/\/latinpcs.org\/es\/wp-json\/wp\/v2\/posts\/25185\/revisions"}],"wp:featuredmedia":[{"embeddable":true,"href":"https:\/\/latinpcs.org\/es\/wp-json\/wp\/v2\/media\/25124"}],"wp:attachment":[{"href":"https:\/\/latinpcs.org\/es\/wp-json\/wp\/v2\/media?parent=25185"}],"wp:term":[{"taxonomy":"category","embeddable":true,"href":"https:\/\/latinpcs.org\/es\/wp-json\/wp\/v2\/categories?post=25185"},{"taxonomy":"campus","embeddable":true,"href":"https:\/\/latinpcs.org\/es\/wp-json\/wp\/v2\/campus?post=25185"},{"taxonomy":"post-category","embeddable":true,"href":"https:\/\/latinpcs.org\/es\/wp-json\/wp\/v2\/post-category?post=25185"}],"curies":[{"name":"gracias","href":"https:\/\/api.w.org\/{rel}","templated":true}]}}