{"id":25338,"date":"2025-08-26T23:33:33","date_gmt":"2025-08-26T23:33:33","guid":{"rendered":"https:\/\/latinpcs.org\/?p=25338"},"modified":"2025-09-01T20:18:07","modified_gmt":"2025-09-01T20:18:07","slug":"middle-school-sports-registration","status":"publish","type":"post","link":"http:\/\/latinpcs.org\/fr\/2025\/08\/middle-school-sports-registration\/","title":{"rendered":"Inscription aux sports au coll\u00e8ge"},"content":{"rendered":"<p  class=\"appear-on-scroll is-style-intro\" >Annonce\u00a0: Les \u00e9l\u00e8ves de la 6e \u00e0 la 4e ann\u00e9e sont invit\u00e9s \u00e0 s\u2019inscrire \u00e0 un sport d\u2019automne\u00a0! Consultez les informations ci-dessous, puis inscrivez-vous via Arbiter Sports. Les inscriptions se terminent le mardi 9\u00a0septembre \u00e0 20\u00a0h\u00a000\u00a0!<\/p>\n\n<p class=\"appear-on-scroll\">Pour plus d&#039;informations sur toutes les \u00e9quipes d&#039;automne \u2013 entra\u00eeneurs, pr\u00e9-saison, s\u00e9lections et programmes d&#039;entra\u00eenement de la saison r\u00e9guli\u00e8re \u2013 veuillez consulter ci-dessous. Pour en savoir plus sur chaque \u00e9quipe \u2013 entra\u00eeneurs, pr\u00e9-saison, entra\u00eenements, etc. \u2013 s\u00e9lectionnez le titre de l&#039;\u00e9quipe. Vous obtiendrez ainsi plus d&#039;informations\u00a0!<\/p>\n\n<p class=\"appear-on-scroll\">Sous les informations de l&#039;\u00e9quipe, vous trouverez les informations d&#039;inscription.<\/p>\n\n<p class=\"appear-on-scroll\">Faisons de cette saison d\u2019automne une saison fantastique !<\/p>\n\n<div id=\"flag-football-co-ed-cut-sport\" class=\"wp-block-theme-blocks-expandable appear-on-scroll theme-block has-layout-center expand\"><div role=\"button\" tabindex=\"0\" class=\"block-question appear-on-scroll heading h4\">Flag Football (mixte, sport coup\u00e9)<\/div><div class=\"block-answer\" style=\"display:none;\">\n<p class=\"appear-on-scroll\"><strong>Co-entra\u00eeneur-chef :<\/strong> Entra\u00eeneur T. Smith-Brown \u2013 tsmithbrown@latinpcs.org<br><strong>Co-entra\u00eeneur-chef :<\/strong> Entra\u00eeneur K \u2013 kmarcusel69@gmail.com<br><strong>Entra\u00eeneur des parents :<\/strong> M. Samuel Alvord \u2013 samuel.l.alvord@me.com<\/p>\n\n<p class=\"appear-on-scroll\">Nous sommes ravis de lancer une autre grande saison de <strong>Football \u00e0 drapeau mixte MS<\/strong> \u00c0 Washington Latin\u00a0! Cette ann\u00e9e promet d&#039;\u00eatre une exp\u00e9rience comp\u00e9titive, amusante et ax\u00e9e sur l&#039;esprit d&#039;\u00e9quipe pour nos \u00e9tudiants-athl\u00e8tes. Consultez les d\u00e9tails des s\u00e9lections et le programme des entra\u00eenements ci-dessous.<\/p>\n\n<h3  class=\"appear-on-scroll wp-block-heading\" ><span class=\"text\">Essais (obligatoires)<\/span><\/h3>\n\n<p class=\"appear-on-scroll\"><strong>6e ann\u00e9e seulement<\/strong>:Mardi 9\/2 et jeudi 9\/4 ; les \u00e9tudiants qui r\u00e9ussissent la s\u00e9lection continueront avec les essais le mardi 9\/9<\/p>\n\n<p class=\"appear-on-scroll\"><strong>7e et 8e ann\u00e9e \u2013 <em>Nouveaux joueurs uniquement<\/em><\/strong>: Lundi 9\/8 et mardi 9\/9<\/p>\n\n<p class=\"appear-on-scroll\"><strong>Joueurs de retour<\/strong>: Mardi 9\/9<\/p>\n\n<p class=\"appear-on-scroll\"><strong>Temps:<\/strong> 15h30 \u2013 16h30<\/p>\n\n<p class=\"appear-on-scroll\"><strong>Emplacement:<\/strong> Campus de la 2e Rue (5200 2e Rue NW)<\/p>\n\n<h3  class=\"appear-on-scroll wp-block-heading\" ><span class=\"text\">Horaire des entra\u00eenements r\u00e9guliers<\/span><\/h3>\n\n<ul  class=\"appear-on-scroll wp-block-list\" >\n<li><strong>Jours:<\/strong> Les lundis, mardis et jeudis<\/li>\n\n\n\n<li><strong>Temps:<\/strong> 15h30 \u2013 16h30<br><\/li>\n<\/ul>\n\n<p class=\"appear-on-scroll\">Pour plus d&#039;informations ou questions, veuillez contacter <strong>Entra\u00eeneur Smith-Brown<\/strong> ou <strong>Entra\u00eeneur K<\/strong> directement. Nous nous r\u00e9jouissons d&#039;une saison r\u00e9ussie et avons h\u00e2te de voir nos Lions en action.<\/p>\n\n<p class=\"appear-on-scroll\"><strong>Allez les Lions !<\/strong> <\/p>\n<\/div><\/div>\n\n<div id=\"soccer-boys-girls-cut-sport\" class=\"wp-block-theme-blocks-expandable appear-on-scroll theme-block has-layout-center expand\"><div role=\"button\" tabindex=\"0\" class=\"block-question appear-on-scroll heading h4\">Football (gar\u00e7ons, filles ; sport coup\u00e9)<\/div><div class=\"block-answer\" style=\"display:none;\">\n<ul  class=\"appear-on-scroll wp-block-list\" >\n<li>Entra\u00eeneur principal\u00a0: Entra\u00eeneur | Mme A. Brock abrock@latinpcs.org<\/li>\n\n\n\n<li>Entra\u00eeneur adjoint des gar\u00e7ons : M. I. Minder iminder@latinpcs.org<\/li>\n\n\n\n<li>Entra\u00eeneur adjoint des filles : Mme J. Sisson <a href=\"mailto:jsisson@latinpcs.org\">jsisson@latinpcs.org<\/a><\/li>\n<\/ul>\n\n<p class=\"appear-on-scroll\">Nous sommes ravis d&#039;accueillir les nouveaux et anciens \u00e9tudiants-athl\u00e8tes au programme de football filles\/gar\u00e7ons du coll\u00e8ge de Washington Latin !<\/p>\n\n<h3  class=\"appear-on-scroll wp-block-heading\" ><span class=\"text\">Essais (obligatoires)<\/span><\/h3>\n\n<ul  class=\"appear-on-scroll wp-block-list\" >\n<li><strong>6e ann\u00e9e seulement <\/strong>\u2013 Mardi 9\/2 et jeudi 9\/4 ; les \u00e9tudiants retenus poursuivront leurs essais le mardi 9\/9<\/li>\n\n\n\n<li><strong>7e et 8e ann\u00e9es\u00a0: nouveaux joueurs uniquement<\/strong> \u2013 Lundi 9\/8 et mardi 9\/9<\/li>\n\n\n\n<li><strong>Joueurs de retour <\/strong>\u2013 Mardi 9\/9<\/li>\n\n\n\n<li><strong>Temps d&#039;essai <\/strong>\u2013 15h30 \u2013 16h30<\/li>\n\n\n\n<li><strong>Emplacement<\/strong> \u2013 Campus de la 2e Rue (5200 2e Rue NW)<\/li>\n<\/ul>\n\n<h3  class=\"appear-on-scroll wp-block-heading\" ><span class=\"text\">Horaire des entra\u00eenements r\u00e9guliers<\/span><\/h3>\n\n<ul  class=\"appear-on-scroll wp-block-list\" >\n<li>Les lundis, mardis et jeudis<\/li>\n\n\n\n<li>15h30 \u2013 16h30 au Campus de la 2e Rue (5200 2e Rue NW)<\/li>\n<\/ul>\n\n<p class=\"appear-on-scroll\">Pour plus d&#039;informations ou des questions sp\u00e9cifiques, veuillez contacter directement Coach Brock, Coach Minder ou Coach Sisson. <\/p>\n\n<p class=\"appear-on-scroll\">Nous nous r\u00e9jouissons de vivre une saison intense, comp\u00e9titive et amusante. Allez les Lions\u00a0!<\/p>\n\n\n<\/div><\/div>\n\n<div id=\"middle-school-cross-country-2nd-street-co-ed-no-cut\" class=\"wp-block-theme-blocks-expandable appear-on-scroll theme-block has-layout-center expand\"><div role=\"button\" tabindex=\"0\" class=\"block-question appear-on-scroll heading h4\">Cross-country au coll\u00e8ge, 2e rue \u2013 (mixte, sans limite)<\/div><div class=\"block-answer\" style=\"display:none;\">\n<ul  class=\"appear-on-scroll wp-block-list\" >\n<li><strong>Co-entra\u00eeneur-chef :<\/strong> M. J. Spann \u2013 jspann@latinpcs.org<\/li>\n\n\n\n<li><strong>Co-entra\u00eeneur-chef :<\/strong> MM Toussaint \u2013 mtoussaint@latinpcs.org<\/li>\n<\/ul>\n\n<p class=\"appear-on-scroll\">Nous sommes ravis d&#039;accueillir tous les \u00e9tudiants int\u00e9ress\u00e9s \u00e0 se joindre \u00e0 notre <strong>\u00e9quipe de cross-country du coll\u00e8ge sans coupe<\/strong> ! Le cross-country est un excellent moyen de d\u00e9velopper l\u2019endurance, d\u2019am\u00e9liorer la condition physique et de faire partie d\u2019un environnement d\u2019\u00e9quipe solidaire.<\/p>\n\n<h3  class=\"appear-on-scroll wp-block-heading\" ><span class=\"text\">D\u00e9but de la saison<\/span><\/h3>\n\n<ul  class=\"appear-on-scroll wp-block-list\" >\n<li><strong>Premi\u00e8re pratique :<\/strong> Mardi 9\/2<\/li>\n\n\n\n<li><strong>Temps:<\/strong> 15h30 \u2013 16h30<\/li>\n\n\n\n<li><strong>Emplacement:<\/strong> Campus de la 2e Rue (5200 2e Rue NW)<\/li>\n<\/ul>\n\n<h3  class=\"appear-on-scroll wp-block-heading\" ><span class=\"text\">Horaire des entra\u00eenements r\u00e9guliers<\/span><\/h3>\n\n<ul  class=\"appear-on-scroll wp-block-list\" >\n<li><strong>Jours:<\/strong> Les lundis, mardis et jeudis<\/li>\n\n\n\n<li><strong>Temps:<\/strong> 15h30 \u2013 16h30<\/li>\n\n\n\n<li><strong>Emplacement:<\/strong> Campus de la 2e Rue (5200 2e Rue NW)<\/li>\n<\/ul>\n\n<p class=\"appear-on-scroll\"><em>Attention : les pratiques se font sous r\u00e9serve des conditions m\u00e9t\u00e9orologiques.<\/em><em><\/em><\/p>\n\n<p class=\"appear-on-scroll\">Nous nous r\u00e9jouissons de vivre une saison pleine de travail, de d\u00e9veloppement personnel et de plaisir. Que vous soyez d\u00e9butant ou que vous repreniez le programme, nous avons h\u00e2te de vous retrouver sur le parcours.<\/p>\n\n<p class=\"appear-on-scroll\"><strong>Allez les Lions !<\/strong><\/p>\n\n\n<\/div><\/div>\n\n<div id=\"middle-school-cross-country-cooper-campus-co-ed-no-cut\" class=\"wp-block-theme-blocks-expandable appear-on-scroll theme-block has-layout-center expand\"><div role=\"button\" tabindex=\"0\" class=\"block-question appear-on-scroll heading h4\">Cross-country au coll\u00e8ge, campus Cooper (mixte, sans limite)<\/div><div class=\"block-answer\" style=\"display:none;\">\n<p class=\"appear-on-scroll\">&nbsp;<strong>Co-entra\u00eeneur-chef :<\/strong> Mme N. Satterwhite \u2013 nsatterwhite@latinpcs.org<br><strong>Co-entra\u00eeneur-chef :<\/strong> Mme K. Reid \u2013 kreid@latinpcs.org<\/p>\n\n<p class=\"appear-on-scroll\">Nous sommes ravis d&#039;accueillir tous les \u00e9tudiants int\u00e9ress\u00e9s \u00e0 se joindre \u00e0 notre <strong>\u00e9quipe de cross-country du coll\u00e8ge sans coupe<\/strong> Au campus Cooper de Washington Latin\u00a0! Le cross-country est un excellent moyen de d\u00e9velopper son endurance, de rester actif et de faire partie d&#039;une \u00e9quipe positive et solidaire.<\/p>\n\n<h3  class=\"appear-on-scroll wp-block-heading\" ><span class=\"text\">D\u00e9but de la saison<\/span><\/h3>\n\n<ul  class=\"appear-on-scroll wp-block-list\" >\n<li><strong>Premi\u00e8re pratique :<\/strong> Mardi 9\/2<\/li>\n\n\n\n<li><strong>Temps:<\/strong> 15h30 \u2013 16h30<\/li>\n\n\n\n<li><strong>Emplacement:<\/strong> Washington Latin \u2013 Campus Cooper (4301 Harewood Road NE)<br><\/li>\n<\/ul>\n\n<h3  class=\"appear-on-scroll wp-block-heading\" ><span class=\"text\">Horaire des entra\u00eenements r\u00e9guliers<\/span><\/h3>\n\n<ul  class=\"appear-on-scroll wp-block-list\" >\n<li><strong>Jours:<\/strong> Les lundis, mardis et jeudis<\/li>\n\n\n\n<li><strong>Temps:<\/strong> 15h30 \u2013 16h30<\/li>\n\n\n\n<li><strong>Emplacement:<\/strong> Campus Cooper<\/li>\n\n\n\n<li><em>Les pratiques ont lieu si les conditions m\u00e9t\u00e9orologiques le permettent.<\/em><em><br><\/em><\/li>\n<\/ul>\n\n<p class=\"appear-on-scroll\">Nous nous r\u00e9jouissons \u00e0 l&#039;id\u00e9e d&#039;une saison riche en \u00e9motions et en travail, avec les nouveaux coureurs comme les habitu\u00e9s. Faisons de cette ann\u00e9e une excellente ann\u00e9e pour le Cooper Campus Cross Country\u00a0!<\/p>\n\n<p class=\"appear-on-scroll\"><strong>Allez les Lions !<\/strong><\/p>\n<\/div><\/div>\n\n<div id=\"volleyball-girls-cut-sport\" class=\"wp-block-theme-blocks-expandable appear-on-scroll theme-block has-layout-center expand\"><div role=\"button\" tabindex=\"0\" class=\"block-question appear-on-scroll heading h4\">Volleyball (Filles, sport coup\u00e9)<\/div><div class=\"block-answer\" style=\"display:none;\">\n<p class=\"appear-on-scroll\">&nbsp;<strong>Entra\u00eeneur principal :<\/strong> Mme D. Kolb \u2013 d.kolb@latinpcs.org<\/p>\n\n<p class=\"appear-on-scroll\">Nous sommes ravis de lancer une autre saison comp\u00e9titive de <strong>Volley-ball f\u00e9minin au coll\u00e8ge<\/strong> au Washington Latin\u00a0! Veuillez consulter les informations importantes concernant les essais et les entra\u00eenements ci-dessous.<\/p>\n\n<h3  class=\"appear-on-scroll wp-block-heading\" ><span class=\"text\">Essais (obligatoires)<\/span><\/h3>\n\n<ul  class=\"appear-on-scroll wp-block-list\" >\n<li><strong>Dates :<\/strong> Mardi 9\/2, jeudi 9\/4 et lundi 9\/8<\/li>\n\n\n\n<li><strong>Temps:<\/strong> 15h30 \u2013 16h30<\/li>\n\n\n\n<li><strong>Emplacement:<\/strong> Campus de la 2e Rue (5200 2e Rue NW)<\/li>\n\n\n\n<li><em>La participation aux trois s\u00e9ances d\u2019essai est fortement recommand\u00e9e pour garantir une \u00e9valuation compl\u00e8te.<\/em><\/li>\n<\/ul>\n\n<h3  class=\"appear-on-scroll wp-block-heading\" ><span class=\"text\">Entra\u00eenements de la saison r\u00e9guli\u00e8re<\/span><\/h3>\n\n<ul  class=\"appear-on-scroll wp-block-list\" >\n<li><strong>Jours:<\/strong> Les lundis, mardis et jeudis<\/li>\n\n\n\n<li><strong>Temps:<\/strong> 15h30 \u2013 16h30<\/li>\n<\/ul>\n\n<p class=\"appear-on-scroll\">Nous sommes impatients de voir nos \u00e9tudiants-athl\u00e8tes apporter <strong>\u00e9nergie, concentration et travail d&#039;\u00e9quipe<\/strong> au tribunal cet automne.<\/p>\n\n<p class=\"appear-on-scroll\"><strong>Allez les Lions !<\/strong> <\/p>\n<\/div><\/div>\n\n<h2  class=\"appear-on-scroll wp-block-heading\" ><span class=\"text\"><strong>D\u00e9tails d&#039;inscription<\/strong><\/span><\/h2>\n\n<p class=\"appear-on-scroll\">Les inscriptions aux sports d&#039;automne se d\u00e9rouleront \u00e0 nouveau via le&nbsp;<strong>Arbitre sportif<\/strong>&nbsp;plate-forme.<\/p>\n\n<ul  class=\"appear-on-scroll wp-block-list\" >\n<li><strong>Ouverture des inscriptions :<\/strong>&nbsp;Mardi 26 ao\u00fbt 2025<\/li>\n\n\n\n<li><strong>Les inscriptions sont closes<\/strong>:Mardi 9 septembre 2025 \u00e0 20h00<\/li>\n\n\n\n<li><em>Attention : aucune inscription tardive ne sera accept\u00e9e apr\u00e8s la date limite afin de garantir l&#039;\u00e9quit\u00e9 pour tous les participants.<\/em><\/li>\n\n\n\n<li>Pour toute question, n&#039;h\u00e9sitez pas \u00e0 contacter&nbsp;<a href=\"https:\/\/latinpcs.org\/fr\/2025\/08\/upper-school-fall-sports-registration\/belebyel@latinpcs.org\/\">Bob Eleby El<\/a>, Directeur des sports.<\/li>\n\n\n\n<li>Pour les probl\u00e8mes techniques, contactez le support d&#039;Arbiter Sports \u00e0&nbsp;<strong>1-888-800-5583<\/strong>.<\/li>\n<\/ul>\n\n<div  class=\"appear-on-scroll wp-block-buttons is-layout-flex wp-block-buttons-is-layout-flex\" >\n<div class=\"wp-block-button\"><a class=\"wp-block-button__link wp-element-button\" href=\"https:\/\/students.arbitersports.com\/washington-latin-public-charter-schools\"><span class=\"label\">Inscription aux sports d&#039;automne pour les \u00e9tudiants en m\u00e9decine (arbitre)<\/span><\/a><\/div>\n<\/div>","protected":false},"excerpt":{"rendered":"<p>Annonce\u00a0: Les \u00e9l\u00e8ves de la 6e \u00e0 la 4e ann\u00e9e sont invit\u00e9s \u00e0 s\u2019inscrire \u00e0 un sport d\u2019automne\u00a0! Consultez les informations ci-dessous, puis inscrivez-vous via Arbiter Sports. Les inscriptions se terminent le mardi 9\u00a0septembre \u00e0\u2026<\/p>","protected":false},"author":3,"featured_media":25126,"comment_status":"closed","ping_status":"closed","sticky":false,"template":"","format":"standard","meta":{"featured_image_background_position":"","footnotes":""},"categories":[5],"campus":[22],"post-category":[12],"class_list":["post-25338","post","type-post","status-publish","format-standard","has-post-thumbnail","hentry","category-athletics","campus-latin-wide","post-category-announcement"],"yoast_head":"<!-- This site is optimized with the Yoast SEO plugin v25.6 - https:\/\/yoast.com\/wordpress\/plugins\/seo\/ -->\n<title>Middle School Sports Registration - Washington Latin Public Charter Schools<\/title>\n<meta name=\"robots\" content=\"index, follow, max-snippet:-1, max-image-preview:large, max-video-preview:-1\" \/>\n<link rel=\"canonical\" href=\"https:\/\/latinpcs.org\/fr\/2025\/08\/middle-school-sports-registration\/\" \/>\n<meta property=\"og:locale\" content=\"fr_FR\" \/>\n<meta property=\"og:type\" content=\"article\" \/>\n<meta property=\"og:title\" content=\"Middle School Sports Registration - Washington Latin Public Charter Schools\" \/>\n<meta property=\"og:description\" content=\"Announcement: Students in grades 6-8 are invited to register for a Fall sport! Check the information below, and then sign up through Arbiter Sports. Registration closes Tuesday, September 9 at &hellip;\" \/>\n<meta property=\"og:url\" content=\"https:\/\/latinpcs.org\/fr\/2025\/08\/middle-school-sports-registration\/\" \/>\n<meta property=\"og:site_name\" content=\"Washington Latin Public Charter Schools\" \/>\n<meta property=\"article:publisher\" content=\"https:\/\/www.facebook.com\/WashingtonLatinPCS\/\" \/>\n<meta property=\"article:published_time\" content=\"2025-08-26T23:33:33+00:00\" \/>\n<meta property=\"article:modified_time\" content=\"2025-09-01T20:18:07+00:00\" \/>\n<meta property=\"og:image\" content=\"https:\/\/latinpcs.org\/wp-content\/uploads\/2025\/08\/JV-boys-soccer-1.jpeg\" \/>\n\t<meta property=\"og:image:width\" content=\"1774\" \/>\n\t<meta property=\"og:image:height\" content=\"2310\" \/>\n\t<meta property=\"og:image:type\" content=\"image\/jpeg\" \/>\n<meta name=\"author\" content=\"Kate Cromwell\" \/>\n<meta name=\"twitter:card\" content=\"summary_large_image\" \/>\n<meta name=\"twitter:label1\" content=\"Written by\" \/>\n\t<meta name=\"twitter:data1\" content=\"Kate Cromwell\" \/>\n\t<meta name=\"twitter:label2\" content=\"Est. reading time\" \/>\n\t<meta name=\"twitter:data2\" content=\"4 minutes\" \/>\n<script type=\"application\/ld+json\" class=\"yoast-schema-graph\">{\"@context\":\"https:\/\/schema.org\",\"@graph\":[{\"@type\":\"Article\",\"@id\":\"https:\/\/latinpcs.org\/2025\/08\/middle-school-sports-registration\/#article\",\"isPartOf\":{\"@id\":\"https:\/\/latinpcs.org\/2025\/08\/middle-school-sports-registration\/\"},\"author\":{\"name\":\"Kate Cromwell\",\"@id\":\"https:\/\/latinpcs.org\/#\/schema\/person\/3aa16d807028c4e5e65784a090c50b7c\"},\"headline\":\"Middle School Sports Registration\",\"datePublished\":\"2025-08-26T23:33:33+00:00\",\"dateModified\":\"2025-09-01T20:18:07+00:00\",\"mainEntityOfPage\":{\"@id\":\"https:\/\/latinpcs.org\/2025\/08\/middle-school-sports-registration\/\"},\"wordCount\":796,\"publisher\":{\"@id\":\"https:\/\/latinpcs.org\/#organization\"},\"image\":{\"@id\":\"https:\/\/latinpcs.org\/2025\/08\/middle-school-sports-registration\/#primaryimage\"},\"thumbnailUrl\":\"https:\/\/latinpcs.org\/wp-content\/uploads\/2025\/08\/JV-boys-soccer-1.jpeg\",\"articleSection\":[\"Athletics\"],\"inLanguage\":\"fr-FR\"},{\"@type\":\"WebPage\",\"@id\":\"https:\/\/latinpcs.org\/2025\/08\/middle-school-sports-registration\/\",\"url\":\"https:\/\/latinpcs.org\/2025\/08\/middle-school-sports-registration\/\",\"name\":\"Middle School Sports Registration - Washington Latin Public Charter Schools\",\"isPartOf\":{\"@id\":\"https:\/\/latinpcs.org\/#website\"},\"primaryImageOfPage\":{\"@id\":\"https:\/\/latinpcs.org\/2025\/08\/middle-school-sports-registration\/#primaryimage\"},\"image\":{\"@id\":\"https:\/\/latinpcs.org\/2025\/08\/middle-school-sports-registration\/#primaryimage\"},\"thumbnailUrl\":\"https:\/\/latinpcs.org\/wp-content\/uploads\/2025\/08\/JV-boys-soccer-1.jpeg\",\"datePublished\":\"2025-08-26T23:33:33+00:00\",\"dateModified\":\"2025-09-01T20:18:07+00:00\",\"breadcrumb\":{\"@id\":\"https:\/\/latinpcs.org\/2025\/08\/middle-school-sports-registration\/#breadcrumb\"},\"inLanguage\":\"fr-FR\",\"potentialAction\":[{\"@type\":\"ReadAction\",\"target\":[\"https:\/\/latinpcs.org\/2025\/08\/middle-school-sports-registration\/\"]}]},{\"@type\":\"ImageObject\",\"inLanguage\":\"fr-FR\",\"@id\":\"https:\/\/latinpcs.org\/2025\/08\/middle-school-sports-registration\/#primaryimage\",\"url\":\"https:\/\/latinpcs.org\/wp-content\/uploads\/2025\/08\/JV-boys-soccer-1.jpeg\",\"contentUrl\":\"https:\/\/latinpcs.org\/wp-content\/uploads\/2025\/08\/JV-boys-soccer-1.jpeg\",\"width\":1774,\"height\":2310},{\"@type\":\"BreadcrumbList\",\"@id\":\"https:\/\/latinpcs.org\/2025\/08\/middle-school-sports-registration\/#breadcrumb\",\"itemListElement\":[{\"@type\":\"ListItem\",\"position\":1,\"name\":\"Home\",\"item\":\"https:\/\/latinpcs.org\/\"},{\"@type\":\"ListItem\",\"position\":2,\"name\":\"Middle School Sports Registration\"}]},{\"@type\":\"WebSite\",\"@id\":\"https:\/\/latinpcs.org\/#website\",\"url\":\"https:\/\/latinpcs.org\/\",\"name\":\"Washington Latin Public Charter Schools\",\"description\":\"Washington Latin Public Charter Schools, based in Washington, DC, offers a classical education for the modern world for students in grades 5-12 across two campuses.\",\"publisher\":{\"@id\":\"https:\/\/latinpcs.org\/#organization\"},\"potentialAction\":[{\"@type\":\"SearchAction\",\"target\":{\"@type\":\"EntryPoint\",\"urlTemplate\":\"https:\/\/latinpcs.org\/?s={search_term_string}\"},\"query-input\":{\"@type\":\"PropertyValueSpecification\",\"valueRequired\":true,\"valueName\":\"search_term_string\"}}],\"inLanguage\":\"fr-FR\"},{\"@type\":\"Organization\",\"@id\":\"https:\/\/latinpcs.org\/#organization\",\"name\":\"Washington Latin Public Charter Schools\",\"url\":\"https:\/\/latinpcs.org\/\",\"logo\":{\"@type\":\"ImageObject\",\"inLanguage\":\"fr-FR\",\"@id\":\"https:\/\/latinpcs.org\/#\/schema\/logo\/image\/\",\"url\":\"https:\/\/latinpcs.org\/wp-content\/uploads\/2025\/07\/Latin_logo_nknm_4c.svg\",\"contentUrl\":\"https:\/\/latinpcs.org\/wp-content\/uploads\/2025\/07\/Latin_logo_nknm_4c.svg\",\"width\":1,\"height\":1,\"caption\":\"Washington Latin Public Charter Schools\"},\"image\":{\"@id\":\"https:\/\/latinpcs.org\/#\/schema\/logo\/image\/\"},\"sameAs\":[\"https:\/\/www.facebook.com\/WashingtonLatinPCS\/\",\"https:\/\/www.instagram.com\/washingtonlatinpcs\/?hl=en\",\"https:\/\/www.linkedin.com\/school\/washington-latin-public-charter-schools\/\"]},{\"@type\":\"Person\",\"@id\":\"https:\/\/latinpcs.org\/#\/schema\/person\/3aa16d807028c4e5e65784a090c50b7c\",\"name\":\"Kate Cromwell\",\"image\":{\"@type\":\"ImageObject\",\"inLanguage\":\"fr-FR\",\"@id\":\"https:\/\/latinpcs.org\/#\/schema\/person\/image\/\",\"url\":\"https:\/\/secure.gravatar.com\/avatar\/32e491910c66b5f2ef78fc417afb92cd9cb1978e08ad68f8f243b46a1a6c2016?s=96&d=mm&r=g\",\"contentUrl\":\"https:\/\/secure.gravatar.com\/avatar\/32e491910c66b5f2ef78fc417afb92cd9cb1978e08ad68f8f243b46a1a6c2016?s=96&d=mm&r=g\",\"caption\":\"Kate Cromwell\"},\"url\":\"http:\/\/latinpcs.org\/fr\/author\/kcromwell\/\"}]}<\/script>\n<!-- \/ Yoast SEO plugin. -->","yoast_head_json":{"title":"Inscription aux activit\u00e9s sportives du coll\u00e8ge - Washington Latin Public Charter Schools","robots":{"index":"index","follow":"follow","max-snippet":"max-snippet:-1","max-image-preview":"max-image-preview:large","max-video-preview":"max-video-preview:-1"},"canonical":"https:\/\/latinpcs.org\/fr\/2025\/08\/middle-school-sports-registration\/","og_locale":"fr_FR","og_type":"article","og_title":"Middle School Sports Registration - Washington Latin Public Charter Schools","og_description":"Announcement: Students in grades 6-8 are invited to register for a Fall sport! Check the information below, and then sign up through Arbiter Sports. Registration closes Tuesday, September 9 at &hellip;","og_url":"https:\/\/latinpcs.org\/fr\/2025\/08\/middle-school-sports-registration\/","og_site_name":"Washington Latin Public Charter Schools","article_publisher":"https:\/\/www.facebook.com\/WashingtonLatinPCS\/","article_published_time":"2025-08-26T23:33:33+00:00","article_modified_time":"2025-09-01T20:18:07+00:00","og_image":[{"width":1774,"height":2310,"url":"https:\/\/latinpcs.org\/wp-content\/uploads\/2025\/08\/JV-boys-soccer-1.jpeg","type":"image\/jpeg"}],"author":"Kate Cromwell","twitter_card":"summary_large_image","twitter_misc":{"Written by":"Kate Cromwell","Est. reading time":"4 minutes"},"schema":{"@context":"https:\/\/schema.org","@graph":[{"@type":"Article","@id":"https:\/\/latinpcs.org\/2025\/08\/middle-school-sports-registration\/#article","isPartOf":{"@id":"https:\/\/latinpcs.org\/2025\/08\/middle-school-sports-registration\/"},"author":{"name":"Kate Cromwell","@id":"https:\/\/latinpcs.org\/#\/schema\/person\/3aa16d807028c4e5e65784a090c50b7c"},"headline":"Middle School Sports Registration","datePublished":"2025-08-26T23:33:33+00:00","dateModified":"2025-09-01T20:18:07+00:00","mainEntityOfPage":{"@id":"https:\/\/latinpcs.org\/2025\/08\/middle-school-sports-registration\/"},"wordCount":796,"publisher":{"@id":"https:\/\/latinpcs.org\/#organization"},"image":{"@id":"https:\/\/latinpcs.org\/2025\/08\/middle-school-sports-registration\/#primaryimage"},"thumbnailUrl":"https:\/\/latinpcs.org\/wp-content\/uploads\/2025\/08\/JV-boys-soccer-1.jpeg","articleSection":["Athletics"],"inLanguage":"fr-FR"},{"@type":"WebPage","@id":"https:\/\/latinpcs.org\/2025\/08\/middle-school-sports-registration\/","url":"https:\/\/latinpcs.org\/2025\/08\/middle-school-sports-registration\/","name":"Inscription aux activit\u00e9s sportives du coll\u00e8ge - Washington Latin Public Charter Schools","isPartOf":{"@id":"https:\/\/latinpcs.org\/#website"},"primaryImageOfPage":{"@id":"https:\/\/latinpcs.org\/2025\/08\/middle-school-sports-registration\/#primaryimage"},"image":{"@id":"https:\/\/latinpcs.org\/2025\/08\/middle-school-sports-registration\/#primaryimage"},"thumbnailUrl":"https:\/\/latinpcs.org\/wp-content\/uploads\/2025\/08\/JV-boys-soccer-1.jpeg","datePublished":"2025-08-26T23:33:33+00:00","dateModified":"2025-09-01T20:18:07+00:00","breadcrumb":{"@id":"https:\/\/latinpcs.org\/2025\/08\/middle-school-sports-registration\/#breadcrumb"},"inLanguage":"fr-FR","potentialAction":[{"@type":"ReadAction","target":["https:\/\/latinpcs.org\/2025\/08\/middle-school-sports-registration\/"]}]},{"@type":"ImageObject","inLanguage":"fr-FR","@id":"https:\/\/latinpcs.org\/2025\/08\/middle-school-sports-registration\/#primaryimage","url":"https:\/\/latinpcs.org\/wp-content\/uploads\/2025\/08\/JV-boys-soccer-1.jpeg","contentUrl":"https:\/\/latinpcs.org\/wp-content\/uploads\/2025\/08\/JV-boys-soccer-1.jpeg","width":1774,"height":2310},{"@type":"BreadcrumbList","@id":"https:\/\/latinpcs.org\/2025\/08\/middle-school-sports-registration\/#breadcrumb","itemListElement":[{"@type":"ListItem","position":1,"name":"Home","item":"https:\/\/latinpcs.org\/"},{"@type":"ListItem","position":2,"name":"Middle School Sports Registration"}]},{"@type":"WebSite","@id":"https:\/\/latinpcs.org\/#website","url":"https:\/\/latinpcs.org\/","name":"\u00c9coles publiques \u00e0 charte latine de Washington","description":"Washington Latin Public Charter Schools, bas\u00e9 \u00e0 Washington, DC, propose une \u00e9ducation classique pour le monde moderne aux \u00e9l\u00e8ves de la 5e \u00e0 la 12e ann\u00e9e sur deux campus.","publisher":{"@id":"https:\/\/latinpcs.org\/#organization"},"potentialAction":[{"@type":"SearchAction","target":{"@type":"EntryPoint","urlTemplate":"https:\/\/latinpcs.org\/?s={search_term_string}"},"query-input":{"@type":"PropertyValueSpecification","valueRequired":true,"valueName":"search_term_string"}}],"inLanguage":"fr-FR"},{"@type":"Organization","@id":"https:\/\/latinpcs.org\/#organization","name":"\u00c9coles publiques \u00e0 charte latine de Washington","url":"https:\/\/latinpcs.org\/","logo":{"@type":"ImageObject","inLanguage":"fr-FR","@id":"https:\/\/latinpcs.org\/#\/schema\/logo\/image\/","url":"https:\/\/latinpcs.org\/wp-content\/uploads\/2025\/07\/Latin_logo_nknm_4c.svg","contentUrl":"https:\/\/latinpcs.org\/wp-content\/uploads\/2025\/07\/Latin_logo_nknm_4c.svg","width":1,"height":1,"caption":"Washington Latin Public Charter Schools"},"image":{"@id":"https:\/\/latinpcs.org\/#\/schema\/logo\/image\/"},"sameAs":["https:\/\/www.facebook.com\/WashingtonLatinPCS\/","https:\/\/www.instagram.com\/washingtonlatinpcs\/?hl=en","https:\/\/www.linkedin.com\/school\/washington-latin-public-charter-schools\/"]},{"@type":"Person","@id":"https:\/\/latinpcs.org\/#\/schema\/person\/3aa16d807028c4e5e65784a090c50b7c","name":"Kate Cromwell","image":{"@type":"ImageObject","inLanguage":"fr-FR","@id":"https:\/\/latinpcs.org\/#\/schema\/person\/image\/","url":"https:\/\/secure.gravatar.com\/avatar\/32e491910c66b5f2ef78fc417afb92cd9cb1978e08ad68f8f243b46a1a6c2016?s=96&d=mm&r=g","contentUrl":"https:\/\/secure.gravatar.com\/avatar\/32e491910c66b5f2ef78fc417afb92cd9cb1978e08ad68f8f243b46a1a6c2016?s=96&d=mm&r=g","caption":"Kate Cromwell"},"url":"http:\/\/latinpcs.org\/fr\/author\/kcromwell\/"}]}},"rendered-html":"<div class=\"default appear-on-scroll post-25338 post type-post status-publish format-standard has-post-thumbnail hentry category-athletics campus-latin-wide post-category-announcement\" style=\"\">\n    \n\n        <a href=\"http:\/\/latinpcs.org\/fr\/2025\/08\/middle-school-sports-registration\/\" class=\"thumbnail\" aria-labelledby=\"p25338-title\" style=\"\"><img width=\"1024\" height=\"1333\" src=\"https:\/\/latinpcs.org\/wp-content\/uploads\/2025\/08\/JV-boys-soccer-1-1024x1333.jpeg\" class=\"attachment-post-thumb size-post-thumb wp-post-image\" alt=\"\" decoding=\"async\" srcset=\"https:\/\/latinpcs.org\/wp-content\/uploads\/2025\/08\/JV-boys-soccer-1-1024x1333.jpeg 1024w, https:\/\/latinpcs.org\/wp-content\/uploads\/2025\/08\/JV-boys-soccer-1-230x300.jpeg 230w, https:\/\/latinpcs.org\/wp-content\/uploads\/2025\/08\/JV-boys-soccer-1-786x1024.jpeg 786w, https:\/\/latinpcs.org\/wp-content\/uploads\/2025\/08\/JV-boys-soccer-1-768x1000.jpeg 768w, https:\/\/latinpcs.org\/wp-content\/uploads\/2025\/08\/JV-boys-soccer-1-9x12.jpeg 9w\" sizes=\"(max-width: 1024px) 100vw, 1024px\" \/><\/a><h3 class=\"title heading h4\"><a href=\"http:\/\/latinpcs.org\/fr\/2025\/08\/middle-school-sports-registration\/\">Middle School Sports Registration<\/a><\/h3><div class=\"content\"><p>Announcement: Students in grades 6-8 are invited to register for a Fall sport! Check the information below, and then sign up through Arbiter Sports. Registration closes Tuesday, September 9 at &hellip;<\/p>\n<\/div>\n    \n<\/div>","_links":{"self":[{"href":"http:\/\/latinpcs.org\/fr\/wp-json\/wp\/v2\/posts\/25338","targetHints":{"allow":["GET"]}}],"collection":[{"href":"http:\/\/latinpcs.org\/fr\/wp-json\/wp\/v2\/posts"}],"about":[{"href":"http:\/\/latinpcs.org\/fr\/wp-json\/wp\/v2\/types\/post"}],"author":[{"embeddable":true,"href":"http:\/\/latinpcs.org\/fr\/wp-json\/wp\/v2\/users\/3"}],"replies":[{"embeddable":true,"href":"http:\/\/latinpcs.org\/fr\/wp-json\/wp\/v2\/comments?post=25338"}],"version-history":[{"count":0,"href":"http:\/\/latinpcs.org\/fr\/wp-json\/wp\/v2\/posts\/25338\/revisions"}],"wp:featuredmedia":[{"embeddable":true,"href":"http:\/\/latinpcs.org\/fr\/wp-json\/wp\/v2\/media\/25126"}],"wp:attachment":[{"href":"http:\/\/latinpcs.org\/fr\/wp-json\/wp\/v2\/media?parent=25338"}],"wp:term":[{"taxonomy":"category","embeddable":true,"href":"http:\/\/latinpcs.org\/fr\/wp-json\/wp\/v2\/categories?post=25338"},{"taxonomy":"campus","embeddable":true,"href":"http:\/\/latinpcs.org\/fr\/wp-json\/wp\/v2\/campus?post=25338"},{"taxonomy":"post-category","embeddable":true,"href":"http:\/\/latinpcs.org\/fr\/wp-json\/wp\/v2\/post-category?post=25338"}],"curies":[{"name":"wp","href":"https:\/\/api.w.org\/{rel}","templated":true}]}}